{"id":899886,"date":"2026-01-19T07:24:49","date_gmt":"2026-01-19T06:24:49","guid":{"rendered":"https:\/\/new.gradski.me\/uncategorized\/vucinic-glavni-grad-nema-nijedan-metar-zemlje-za-bacanje\/"},"modified":"2026-01-19T07:24:49","modified_gmt":"2026-01-19T06:24:49","slug":"vucinic-glavni-grad-nema-nijedan-metar-zemlje-za-bacanje","status":"publish","type":"post","link":"https:\/\/gradski.me\/en\/podgorica\/vucinic-glavni-grad-nema-nijedan-metar-zemlje-za-bacanje\/","title":{"rendered":"Vu\u010dini\u0107: Glavni grad nema nijedan metar zemlje za bacanje"},"content":{"rendered":"<p>&#8222;Tu\u0111e ne\u0107emo \u2013 svoje ne damo! Ne samo Tomislav \u010celebi\u0107, nego svako ko je na u\u0161trb Dr\u017eave \/ svih njenih gra\u0111ana, zadovoljavao svoj sopstveni interes \u2013 ne smije biti zaobi\u0111en, pa makar to bilo i pro\u0161irenje dvori\u0161ne ograde na javnom putu, pa\u0161njaku, \u0161umi i neplodnom zemlji\u0161tu (biv\u0161i komunii)\u2026 bilo gdje i bilo kad \u2013 bez ikakve dozvole i protiv zakona, sve mora biti evidentirano, a potom adekvatno sankcionisano \u2013 srazmjerno \u0161teti koja je nanesena&#8220;, stoji u Fejsbuk objavi Vu\u010dini\u0107a.<\/p>\n\n\n\n<p>Kako navodi, Glavni grad nema vi\u0161e niti jedan jedini metar kvadratni zemlje za bacanje, a dodaje, kamoli da se uzurpacijom istog nanosi \u0161teta svim njenim gra\u0111anima.<\/p>\n\n\n\n<p>Vu\u010dini\u0107 je tako\u0111e objavio foto-hronologija de\u0161avanja na spornom prostoru, tj. kako navodi &#8211; uzurpacije dr\u017eavne imovine od strane navedenog investitor, a \u0161to je, kako zaklju\u010duje &#8222;ujedno i dokaz da je zapravo on zatrpao taj dio kanala Mareze&#8220;.<\/p>\n\n\n\n<figure class=\"wp-block-video\"><video height=\"960\" style=\"aspect-ratio: 1440 \/ 960;\" width=\"1440\" controls src=\"https:\/\/gradski.me\/wp-content\/uploads\/2026\/01\/AQMw6BxZkPXIJx2rjVcrvm6hNTcf33DqpPMX7eOHys3L0vxI7_h4sMK6gpcd8OyrsnDvutM2Hl2LmG1Dqci4dFvOQcYc67jlPnKPZl870kvexg.mp4\"><\/video><figcaption class=\"wp-element-caption\">video: Facebook\/Dragutin Vu\u010dini\u0107<\/figcaption><\/figure>","protected":false},"excerpt":{"rendered":"<p>Odbornik u Skup\u0161tini Glavnog grada Dragutin Vu\u010dini\u0107 oglasio se na svom Fejsbuk profilu povodom, kako navodi, uzurpacije dr\u017eavne imovine na prostoru kanala Mareze, poru\u010duju\u0107i da niko ko je protivzakonito prisvajao javno zemlji\u0161te na u\u0161trb svih gra\u0111ana ne smije biti izuzet od odgovornosti, bez obzira na obim ili vrijeme u\u010dinjene \u0161tete.<\/p>","protected":false},"author":16,"featured_media":899887,"comment_status":"open","ping_status":"open","sticky":false,"template":"","format":"standard","meta":{"_acf_changed":false,"footnotes":"","jetpack_publicize_message":"","jetpack_publicize_feature_enabled":true,"jetpack_social_post_already_shared":false,"jetpack_social_options":{"image_generator_settings":{"template":"highway","default_image_id":0,"font":"","enabled":false},"version":2}},"categories":[6],"tags":[16523,2074,17113],"naslovna":[],"class_list":["post-899886","post","type-post","status-publish","format-standard","has-post-thumbnail","hentry","category-podgorica","tag-dg-arena","tag-dragutin-vucinic","tag-uzurpacija"],"acf":[],"jetpack_publicize_connections":[],"_links":{"self":[{"href":"https:\/\/gradski.me\/en\/wp-json\/wp\/v2\/posts\/899886","targetHints":{"allow":["GET"]}}],"collection":[{"href":"https:\/\/gradski.me\/en\/wp-json\/wp\/v2\/posts"}],"about":[{"href":"https:\/\/gradski.me\/en\/wp-json\/wp\/v2\/types\/post"}],"author":[{"embeddable":true,"href":"https:\/\/gradski.me\/en\/wp-json\/wp\/v2\/users\/16"}],"replies":[{"embeddable":true,"href":"https:\/\/gradski.me\/en\/wp-json\/wp\/v2\/comments?post=899886"}],"version-history":[{"count":0,"href":"https:\/\/gradski.me\/en\/wp-json\/wp\/v2\/posts\/899886\/revisions"}],"wp:featuredmedia":[{"embeddable":true,"href":"https:\/\/gradski.me\/en\/wp-json\/wp\/v2\/media\/899887"}],"wp:attachment":[{"href":"https:\/\/gradski.me\/en\/wp-json\/wp\/v2\/media?parent=899886"}],"wp:term":[{"taxonomy":"category","embeddable":true,"href":"https:\/\/gradski.me\/en\/wp-json\/wp\/v2\/categories?post=899886"},{"taxonomy":"post_tag","embeddable":true,"href":"https:\/\/gradski.me\/en\/wp-json\/wp\/v2\/tags?post=899886"},{"taxonomy":"naslovna","embeddable":true,"href":"https:\/\/gradski.me\/en\/wp-json\/wp\/v2\/naslovna?post=899886"}],"curies":[{"name":"wp","href":"https:\/\/api.w.org\/{rel}","templated":true}]}}