{"id":899869,"date":"2026-01-18T21:57:46","date_gmt":"2026-01-18T20:57:46","guid":{"rendered":"https:\/\/new.gradski.me\/uncategorized\/triler-finale-u-rabatu-dijas-tragicar-maroka-senegal-nakon-produzetaka-osvojio-afcon\/"},"modified":"2026-01-18T21:57:46","modified_gmt":"2026-01-18T20:57:46","slug":"triler-finale-u-rabatu-dijas-tragicar-maroka-senegal-nakon-produzetaka-osvojio-afcon","status":"publish","type":"post","link":"https:\/\/gradski.me\/en\/sport\/triler-finale-u-rabatu-dijas-tragicar-maroka-senegal-nakon-produzetaka-osvojio-afcon\/","title":{"rendered":"Thriller final in Rabat: Diaz tragic for Morocco, Senegal wins AFCON after extra time"},"content":{"rendered":"<p>&#8222;Lavovi Terange&#8220; su u velikom finalu savladali doma\u0107ina turnira i prvog favorita za osvajanje, selekciju Maroka poslije produ\u017eetaka 1:0 (0:0 u regularnom dijelu). <\/p>\n\n\n\n<p>Za Senegal je ovo druga titula u Afri\u010dkom kupu nacija, nakon \u0161to su najbolji bili 2022. godine. <\/p>\n\n\n\n<p>Nije bilo golova nakon 90 i kusur minuta fudbala, a bilo je nekoliko dobrih prilika na obje strane, a onu najbolju propustio je, ispostavi\u0107e se tragi\u010dar Maroka, Brahim Dijas. Igrao se 24. minut sudijske nadoknade, kada je Dijas izborio penal, preuzeo odgovornost, a onda napravio nevjerovatnu glupost &#8211; poku\u0161ao je popularnu panenku, ali golman Eduard Mendi je uhvatio \u017eivu loptu. <\/p>\n\n\n\n<p>Ina\u010de, nakon dosu\u0111enog penala nastavio je pravi haos na terenu, selektor Senegala Tijau je u jednom trenutku povukao ekipu sa terena, svi su oti\u0161li u svla\u010dionicu osim Sadija Manea, koji ih je nakon nekoliko minuta vratio na teren, a potom je Dijas proma\u0161io penal za trofej. <\/p>\n\n\n\n<p>Uslijedili su produ\u017eeci, a gol odluke postigao je Pape Gej u 94. minutu. Mane je ukrao loptu na sredini terena, dodao do Idrise Geja, koji je nesebi\u010dno prograo Papea, a ovaj sjajnim udarcem sa 15-ak metara zakucao loptu pod pre\u010dku. <\/p>\n\n\n\n<p>Nije se predavao doma\u0107in koji je u 108. minutu pogodio okvir gola, ta\u010dnije Najef Agerd koji je poslije velike gu\u017eve pogodio pre\u010dku. <\/p>\n\n\n\n<p>Mogao je Senegal sve da rije\u0161i u 111. minutu, ali je Bunu nestvarno zaustavio \u0160erifa Endiaja, kom se lopta odbila u noge, a onda je proma\u0161io prazan gol, sre\u0107om po njega to nije ko\u0161talo &#8222;Lavove Terange&#8220; titule. <\/p>\n\n\n\n<p>Senegal je tako do titule stigao bez izgubljenog me\u010da, uz samo jedan remi (protiv Konga u grupi).  <\/p>","protected":false},"excerpt":{"rendered":"<p>Fudbalska reprezentacija Senegala pobjednik je 35. Afri\u010dkog kupa nacija (AFCON).<\/p>","protected":false},"author":7,"featured_media":899077,"comment_status":"open","ping_status":"open","sticky":false,"template":"","format":"standard","meta":{"_acf_changed":false,"footnotes":"","jetpack_publicize_message":"","jetpack_publicize_feature_enabled":true,"jetpack_social_post_already_shared":false,"jetpack_social_options":{"image_generator_settings":{"template":"highway","default_image_id":0,"font":"","enabled":false},"version":2}},"categories":[15],"tags":[16557,17108,17109,16809],"naslovna":[],"class_list":["post-899869","post","type-post","status-publish","format-standard","has-post-thumbnail","hentry","category-sport","tag-africki-kup-nacija","tag-brahim-dijas","tag-muska-fudbalska-reprezentacija-maroka","tag-muska-fudbalska-reprezentacija-senegala"],"acf":[],"jetpack_publicize_connections":[],"_links":{"self":[{"href":"https:\/\/gradski.me\/en\/wp-json\/wp\/v2\/posts\/899869","targetHints":{"allow":["GET"]}}],"collection":[{"href":"https:\/\/gradski.me\/en\/wp-json\/wp\/v2\/posts"}],"about":[{"href":"https:\/\/gradski.me\/en\/wp-json\/wp\/v2\/types\/post"}],"author":[{"embeddable":true,"href":"https:\/\/gradski.me\/en\/wp-json\/wp\/v2\/users\/7"}],"replies":[{"embeddable":true,"href":"https:\/\/gradski.me\/en\/wp-json\/wp\/v2\/comments?post=899869"}],"version-history":[{"count":0,"href":"https:\/\/gradski.me\/en\/wp-json\/wp\/v2\/posts\/899869\/revisions"}],"wp:featuredmedia":[{"embeddable":true,"href":"https:\/\/gradski.me\/en\/wp-json\/wp\/v2\/media\/899077"}],"wp:attachment":[{"href":"https:\/\/gradski.me\/en\/wp-json\/wp\/v2\/media?parent=899869"}],"wp:term":[{"taxonomy":"category","embeddable":true,"href":"https:\/\/gradski.me\/en\/wp-json\/wp\/v2\/categories?post=899869"},{"taxonomy":"post_tag","embeddable":true,"href":"https:\/\/gradski.me\/en\/wp-json\/wp\/v2\/tags?post=899869"},{"taxonomy":"naslovna","embeddable":true,"href":"https:\/\/gradski.me\/en\/wp-json\/wp\/v2\/naslovna?post=899869"}],"curies":[{"name":"wp","href":"https:\/\/api.w.org\/{rel}","templated":true}]}}