{"id":899744,"date":"2026-01-18T12:06:00","date_gmt":"2026-01-18T11:06:00","guid":{"rendered":"https:\/\/new.gradski.me\/uncategorized\/javne-konsultacije-o-nacrtu-strategije-zaposljavanja-crne-gore\/"},"modified":"2026-01-18T12:06:00","modified_gmt":"2026-01-18T11:06:00","slug":"javne-konsultacije-o-nacrtu-strategije-zaposljavanja-crne-gore","status":"publish","type":"post","link":"https:\/\/gradski.me\/en\/drustvo\/javne-konsultacije-o-nacrtu-strategije-zaposljavanja-crne-gore\/","title":{"rendered":"Javne konsultacije o Nacrtu strategije zapo\u0161ljavanja Crne Gore"},"content":{"rendered":"<p>Ministarstvo rada, zapo\u0161ljavanja i socijalnog dijaloga pozvalo je zainteresovanu javnost da se 29. januara uklju\u010di u po\u010detnu fazu pripreme Nacrta strategije zapo\u0161ljavanja Crne Gore do 2030. godine, sa akcionim planom za 2026-2027.<\/p>\n\n\n\n<p>Ministarstvo je pozvalo organe, organizacije, udru\u017eenja i pojedince da dostave svoje inicijative, predloge, sugestije i komentare u pisanom i elektronskom obliku na adresu tog resora i mejl&nbsp;armin.fetahovic@mrzs.gov.me.<\/p>\n\n\n\n<p>Konsultacijama se obezbje\u0111uje informisanje naj\u0161ire javnosti o planiranim aktivnostima na pripremi strategije.<\/p>\n\n\n\n<p>Radna grupa \u0107e sve prispjele inicijative razmotriti prilikom izrade tog dokumenta.<\/p>","protected":false},"excerpt":{"rendered":"<p>Ministarstvo rada, zapo\u0161ljavanja i socijalnog dijaloga pozvalo je zainteresovanu javnost da se 29. januara uklju\u010di u po\u010detnu fazu pripreme Nacrta strategije zapo\u0161ljavanja Crne Gore do 2030. godine, sa akcionim planom za 2026-2027.<\/p>","protected":false},"author":1,"featured_media":899745,"comment_status":"open","ping_status":"open","sticky":false,"template":"","format":"standard","meta":{"_acf_changed":false,"footnotes":"","jetpack_publicize_message":"","jetpack_publicize_feature_enabled":true,"jetpack_social_post_already_shared":false,"jetpack_social_options":{"image_generator_settings":{"template":"highway","default_image_id":0,"font":"","enabled":false},"version":2}},"categories":[9],"tags":[17039,17040,17041],"naslovna":[],"class_list":["post-899744","post","type-post","status-publish","format-standard","has-post-thumbnail","hentry","category-drustvo","tag-konsultacije","tag-mssr","tag-nacrt-strategije-zaposljavanja-crne-gore"],"acf":[],"jetpack_publicize_connections":[],"_links":{"self":[{"href":"https:\/\/gradski.me\/en\/wp-json\/wp\/v2\/posts\/899744","targetHints":{"allow":["GET"]}}],"collection":[{"href":"https:\/\/gradski.me\/en\/wp-json\/wp\/v2\/posts"}],"about":[{"href":"https:\/\/gradski.me\/en\/wp-json\/wp\/v2\/types\/post"}],"author":[{"embeddable":true,"href":"https:\/\/gradski.me\/en\/wp-json\/wp\/v2\/users\/1"}],"replies":[{"embeddable":true,"href":"https:\/\/gradski.me\/en\/wp-json\/wp\/v2\/comments?post=899744"}],"version-history":[{"count":0,"href":"https:\/\/gradski.me\/en\/wp-json\/wp\/v2\/posts\/899744\/revisions"}],"wp:featuredmedia":[{"embeddable":true,"href":"https:\/\/gradski.me\/en\/wp-json\/wp\/v2\/media\/899745"}],"wp:attachment":[{"href":"https:\/\/gradski.me\/en\/wp-json\/wp\/v2\/media?parent=899744"}],"wp:term":[{"taxonomy":"category","embeddable":true,"href":"https:\/\/gradski.me\/en\/wp-json\/wp\/v2\/categories?post=899744"},{"taxonomy":"post_tag","embeddable":true,"href":"https:\/\/gradski.me\/en\/wp-json\/wp\/v2\/tags?post=899744"},{"taxonomy":"naslovna","embeddable":true,"href":"https:\/\/gradski.me\/en\/wp-json\/wp\/v2\/naslovna?post=899744"}],"curies":[{"name":"wp","href":"https:\/\/api.w.org\/{rel}","templated":true}]}}