{"id":899680,"date":"2026-01-17T19:10:00","date_gmt":"2026-01-17T18:10:00","guid":{"rendered":"https:\/\/new.gradski.me\/uncategorized\/salah-i-marmus-tragicari-egipta-nigerija-osvojila-trece-mjesto\/"},"modified":"2026-01-17T19:10:00","modified_gmt":"2026-01-17T18:10:00","slug":"salah-i-marmus-tragicari-egipta-nigerija-osvojila-trece-mjesto","status":"publish","type":"post","link":"https:\/\/gradski.me\/en\/sport\/salah-i-marmus-tragicari-egipta-nigerija-osvojila-trece-mjesto\/","title":{"rendered":"Salah and Marmoush are the tragedians of Egypt, Nigeria takes third place"},"content":{"rendered":"<p>Nije bilo pogodaka, a nije bilo ni previ\u0161e uzbu\u0111enja, pa su o pobjedniku odlu\u010divali penali. <\/p>\n\n\n\n<p>Junak Nigerije bio je golman Stenli Nvabali koji je odbranio dva penala i to prvim zvijezdama Egipta &#8211; Mohamedu Salahu i Omaru Marmu\u0161u. <\/p>\n\n\n\n<p>Finale Afri\u010dkog kupa nacija na programu je sjutra od 20 sati u Rabatu, a sastaju se Maroko i Senegal.<\/p>","protected":false},"excerpt":{"rendered":"<p>Fudbalska reprezentacija Nigerija osvojila je tre\u0107e mjesto na Afri\u010dkom kupu nacija, nakon \u0161to je u me\u010du za bronzu savladala selekciju Egipta nakon boljeg izvo\u0111enja penala 4:2 (0:0 u regularnom dijelu).<\/p>","protected":false},"author":7,"featured_media":898307,"comment_status":"open","ping_status":"open","sticky":false,"template":"","format":"standard","meta":{"_acf_changed":false,"footnotes":"","jetpack_publicize_message":"","jetpack_publicize_feature_enabled":true,"jetpack_social_post_already_shared":false,"jetpack_social_options":{"image_generator_settings":{"template":"highway","default_image_id":0,"font":"","enabled":false},"version":2}},"categories":[15],"tags":[16557,17024,16559,14670,17025],"naslovna":[],"class_list":["post-899680","post","type-post","status-publish","format-standard","has-post-thumbnail","hentry","category-sport","tag-africki-kup-nacija","tag-fudbalska-reprezentacija-egipta","tag-fudbalska-reprezentacija-nigerije","tag-mohamed-salah","tag-omar-marmus"],"acf":[],"jetpack_publicize_connections":[],"_links":{"self":[{"href":"https:\/\/gradski.me\/en\/wp-json\/wp\/v2\/posts\/899680","targetHints":{"allow":["GET"]}}],"collection":[{"href":"https:\/\/gradski.me\/en\/wp-json\/wp\/v2\/posts"}],"about":[{"href":"https:\/\/gradski.me\/en\/wp-json\/wp\/v2\/types\/post"}],"author":[{"embeddable":true,"href":"https:\/\/gradski.me\/en\/wp-json\/wp\/v2\/users\/7"}],"replies":[{"embeddable":true,"href":"https:\/\/gradski.me\/en\/wp-json\/wp\/v2\/comments?post=899680"}],"version-history":[{"count":0,"href":"https:\/\/gradski.me\/en\/wp-json\/wp\/v2\/posts\/899680\/revisions"}],"wp:featuredmedia":[{"embeddable":true,"href":"https:\/\/gradski.me\/en\/wp-json\/wp\/v2\/media\/898307"}],"wp:attachment":[{"href":"https:\/\/gradski.me\/en\/wp-json\/wp\/v2\/media?parent=899680"}],"wp:term":[{"taxonomy":"category","embeddable":true,"href":"https:\/\/gradski.me\/en\/wp-json\/wp\/v2\/categories?post=899680"},{"taxonomy":"post_tag","embeddable":true,"href":"https:\/\/gradski.me\/en\/wp-json\/wp\/v2\/tags?post=899680"},{"taxonomy":"naslovna","embeddable":true,"href":"https:\/\/gradski.me\/en\/wp-json\/wp\/v2\/naslovna?post=899680"}],"curies":[{"name":"wp","href":"https:\/\/api.w.org\/{rel}","templated":true}]}}