{"id":899658,"date":"2026-01-17T17:55:00","date_gmt":"2026-01-17T16:55:00","guid":{"rendered":"https:\/\/new.gradski.me\/uncategorized\/u-dvije-saobracajne-nesrece-u-pakistanu-poginulo-24-ljudi\/"},"modified":"2026-01-17T17:55:00","modified_gmt":"2026-01-17T16:55:00","slug":"u-dvije-saobracajne-nesrece-u-pakistanu-poginulo-24-ljudi","status":"publish","type":"post","link":"https:\/\/gradski.me\/en\/svijet\/u-dvije-saobracajne-nesrece-u-pakistanu-poginulo-24-ljudi\/","title":{"rendered":"U dvije saobra\u0107ajne nesre\u0107e u Pakistanu poginulo 24 ljudi"},"content":{"rendered":"<p>Najmanje 24 osobe poginule su, a 45 ih je povrije\u0111eno u dvije saobra\u0107ajne nesre\u0107e koje su se dogodile danas u Pakistanu, saop\u0161tili su lokalni zvani\u010dnici.<\/p>\n\n\n\n<p>Prva nesre\u0107a, u kojoj je poginulo 14 a povrije\u0111eno devet osoba, dogodila se u gradu Sargoda, u isto\u010dnoj provinciji Pand\u017eab, kada je kamion koji je prevozio putnike i robu, zbog guste magle, sletio sa puta i upao u kanal, prenosi AP.<\/p>\n\n\n\n<p>U drugom incidentu poginulo je najmanje deset osoba, a 36 je povrije\u0111eno kada se autobus, koji se kretao velikom brzinom, prevrnuo na obalskom auto-putu Makran u jugozapadnoj provinciji Belud\u017eistan, kazao je visoki policijski zvani\u010dnik Aslam Bangulzai.<\/p>\n\n\n\n<p>Saobra\u0107ajne nesre\u0107e \u010deste su u Pakistanu, a naj\u010de\u0161\u0107e se pripisuju nepa\u017eljivoj vo\u017enji, lo\u0161im uslovima na putevima i slaboj primjeni saobra\u0107ajnih propisa, navode lokalne vlasti.<\/p>","protected":false},"excerpt":{"rendered":"<p>Najmanje 24 osobe su poginule, a 45 ih je povrije\u0111eno u dvije saobra\u0107ajne nesre\u0107e koje su se dogodile danas u Pakistanu, saop\u0161tili su lokalni zvani\u010dnici.<\/p>","protected":false},"author":1,"featured_media":899659,"comment_status":"open","ping_status":"open","sticky":false,"template":"","format":"standard","meta":{"_acf_changed":false,"footnotes":"","jetpack_publicize_message":"","jetpack_publicize_feature_enabled":true,"jetpack_social_post_already_shared":false,"jetpack_social_options":{"image_generator_settings":{"template":"highway","default_image_id":0,"font":"","enabled":false},"version":2}},"categories":[14],"tags":[2270,169],"naslovna":[],"class_list":["post-899658","post","type-post","status-publish","format-standard","has-post-thumbnail","hentry","category-svijet","tag-nesreca-2","tag-pakistan"],"acf":[],"jetpack_publicize_connections":[],"_links":{"self":[{"href":"https:\/\/gradski.me\/en\/wp-json\/wp\/v2\/posts\/899658","targetHints":{"allow":["GET"]}}],"collection":[{"href":"https:\/\/gradski.me\/en\/wp-json\/wp\/v2\/posts"}],"about":[{"href":"https:\/\/gradski.me\/en\/wp-json\/wp\/v2\/types\/post"}],"author":[{"embeddable":true,"href":"https:\/\/gradski.me\/en\/wp-json\/wp\/v2\/users\/1"}],"replies":[{"embeddable":true,"href":"https:\/\/gradski.me\/en\/wp-json\/wp\/v2\/comments?post=899658"}],"version-history":[{"count":0,"href":"https:\/\/gradski.me\/en\/wp-json\/wp\/v2\/posts\/899658\/revisions"}],"wp:featuredmedia":[{"embeddable":true,"href":"https:\/\/gradski.me\/en\/wp-json\/wp\/v2\/media\/899659"}],"wp:attachment":[{"href":"https:\/\/gradski.me\/en\/wp-json\/wp\/v2\/media?parent=899658"}],"wp:term":[{"taxonomy":"category","embeddable":true,"href":"https:\/\/gradski.me\/en\/wp-json\/wp\/v2\/categories?post=899658"},{"taxonomy":"post_tag","embeddable":true,"href":"https:\/\/gradski.me\/en\/wp-json\/wp\/v2\/tags?post=899658"},{"taxonomy":"naslovna","embeddable":true,"href":"https:\/\/gradski.me\/en\/wp-json\/wp\/v2\/naslovna?post=899658"}],"curies":[{"name":"wp","href":"https:\/\/api.w.org\/{rel}","templated":true}]}}