{"id":899492,"date":"2026-01-16T21:14:00","date_gmt":"2026-01-16T20:14:00","guid":{"rendered":"https:\/\/new.gradski.me\/uncategorized\/grcka-planira-sirenje-teritorijalnih-voda-uprkos-turskom-upozorenju\/"},"modified":"2026-01-16T21:14:00","modified_gmt":"2026-01-16T20:14:00","slug":"grcka-planira-sirenje-teritorijalnih-voda-uprkos-turskom-upozorenju","status":"publish","type":"post","link":"https:\/\/gradski.me\/en\/svijet\/grcka-planira-sirenje-teritorijalnih-voda-uprkos-turskom-upozorenju\/","title":{"rendered":"Gr\u010dka planira \u0161irenje teritorijalnih voda uprkos turskom upozorenju"},"content":{"rendered":"<p>Gr\u010dka planira dalje pro\u0161iriti svoje teritorijalne vode u Egejskom moru, rekao je danas ministar vanjskih poslova George Gerapetritis, uprkos turskoj dugogodi\u0161njoj prijetnji ratom ako bi Atina u\u010dinila taj korak.<\/p>\n\n\n\n<p>Gr\u010dka je ve\u0107 pro\u0161irila svoje teritorijalne vode u Jonskom moru sa 6 na 12 nauti\u010dkih milja, nakon dogovora s Italijom, a s Egiptom je potpisala pomorsko razgrani\u010denje u isto\u010dnom Sredozemlju. No, izbjegavala je takve poteze u Egejskom moru.<\/p>\n\n\n\n<p>Godine 1995. turski parlament proglasio je da \u0107e biti &#8222;povod za rat&#8220; ako Gr\u010dka jednostrano pro\u0161iri svoje vode vi\u0161e od \u0161est nauti\u010dkih milja u Egejskom moru, \u0161to je pozicija za koju Atina ka\u017ee da kr\u0161i me\u0111unarodno pomorsko pravo.<\/p>\n\n\n\n<p>Odgovaraju\u0107i danas na pitanja u parlamentu, Gerapetritis je rekao da se o\u010dekuje dalje pro\u0161irenje.<\/p>\n\n\n\n<p>&#8222;Danas se na\u0161 suverenitet u Egejskom moru prote\u017ee na \u0161est nauti\u010dkih milja&#8220;, rekao je Gerapetritis. &#8222;Kao \u0161to je postojao sporazum s Egiptom, kao \u0161to je postojao sporazum s Italijom, do\u0107i \u0107e i do pro\u0161irenja teritorijalnih voda.&#8220;<\/p>\n\n\n\n<p>Tursko ministarstvo vanjskih poslova nije bilo odmah dostupno za komentar.<\/p>\n\n\n\n<p>Gr\u010dka ka\u017ee da je jedino pitanje o kojem je spremna pregovarati s Turskom razgrani\u010denje njihovih pomorskih zona, uklju\u010duju\u0107i epikontinentalni pojas i isklju\u010divi privredni pojas.<\/p>","protected":false},"excerpt":{"rendered":"<p>Gr\u010dka je ve\u0107 pro\u0161irila svoje teritorijalne vode u Jonskom moru, a s Egiptom je potpisala pomorsko razgrani\u010denje u isto\u010dnom Sredozemlju.<\/p>","protected":false},"author":4,"featured_media":899493,"comment_status":"open","ping_status":"open","sticky":false,"template":"","format":"standard","meta":{"_acf_changed":false,"footnotes":"","jetpack_publicize_message":"","jetpack_publicize_feature_enabled":true,"jetpack_social_post_already_shared":false,"jetpack_social_options":{"image_generator_settings":{"template":"highway","default_image_id":0,"font":"","enabled":false},"version":2}},"categories":[14],"tags":[3368,16977,1352],"naslovna":[],"class_list":["post-899492","post","type-post","status-publish","format-standard","has-post-thumbnail","hentry","category-svijet","tag-grcka","tag-teritorijalne-vode","tag-turska"],"acf":[],"jetpack_publicize_connections":[],"_links":{"self":[{"href":"https:\/\/gradski.me\/en\/wp-json\/wp\/v2\/posts\/899492","targetHints":{"allow":["GET"]}}],"collection":[{"href":"https:\/\/gradski.me\/en\/wp-json\/wp\/v2\/posts"}],"about":[{"href":"https:\/\/gradski.me\/en\/wp-json\/wp\/v2\/types\/post"}],"author":[{"embeddable":true,"href":"https:\/\/gradski.me\/en\/wp-json\/wp\/v2\/users\/4"}],"replies":[{"embeddable":true,"href":"https:\/\/gradski.me\/en\/wp-json\/wp\/v2\/comments?post=899492"}],"version-history":[{"count":0,"href":"https:\/\/gradski.me\/en\/wp-json\/wp\/v2\/posts\/899492\/revisions"}],"wp:featuredmedia":[{"embeddable":true,"href":"https:\/\/gradski.me\/en\/wp-json\/wp\/v2\/media\/899493"}],"wp:attachment":[{"href":"https:\/\/gradski.me\/en\/wp-json\/wp\/v2\/media?parent=899492"}],"wp:term":[{"taxonomy":"category","embeddable":true,"href":"https:\/\/gradski.me\/en\/wp-json\/wp\/v2\/categories?post=899492"},{"taxonomy":"post_tag","embeddable":true,"href":"https:\/\/gradski.me\/en\/wp-json\/wp\/v2\/tags?post=899492"},{"taxonomy":"naslovna","embeddable":true,"href":"https:\/\/gradski.me\/en\/wp-json\/wp\/v2\/naslovna?post=899492"}],"curies":[{"name":"wp","href":"https:\/\/api.w.org\/{rel}","templated":true}]}}