{"id":899486,"date":"2026-01-16T18:39:00","date_gmt":"2026-01-16T17:39:00","guid":{"rendered":"https:\/\/new.gradski.me\/uncategorized\/video-povodom-jubileja-145-godina-od-osnivanja-biblioteke-radosav-ljumovic-besplatno-uclanjivanje-za-gradjane\/"},"modified":"2026-01-16T18:39:00","modified_gmt":"2026-01-16T17:39:00","slug":"video-povodom-jubileja-145-godina-od-osnivanja-biblioteke-radosav-ljumovic-besplatno-uclanjivanje-za-gradjane","status":"publish","type":"post","link":"https:\/\/gradski.me\/en\/kultura\/video-povodom-jubileja-145-godina-od-osnivanja-biblioteke-radosav-ljumovic-besplatno-uclanjivanje-za-gradjane\/","title":{"rendered":"(VIDEO) Povodom jubileja \u2013 145 godina od osnivanja Biblioteke \u201eRadosav Ljumovi\u0107\u201c: Besplatno u\u010dlanjivanje za gra\u0111ane"},"content":{"rendered":"<p><\/p>\n\n\n\n<p>U godini jubileja \u2013 145 godina od osnivanja biblioteke, bi\u0107e besplatno u\u010dlanjivanje za sve kategorije gra\u0111ana. Jedna od glavnih novina u biblioteci \u201eRadosav Ljumovi\u0107\u201c tokom prethodne godine je po\u010detak digitalizacije knji\u017ene gra\u0111e.<\/p>\n\n\n\n<p>Prethodnu godinu u podgori\u010dkoj biblioteci obilje\u017eilo je mno\u0161tvo zna\u010dajnih kulturnih doga\u0111aja, njih \u010dak 146, od \u010dega 80 u organizaciji biblioteke. Tako\u0111e, direktorica Ilin\u010di\u0107 se pohvalila velikim brojem organizovanih kreativnih radionica.<\/p>\n\n\n\n<p>Va\u017ean segment rada biblioteke je saradnja sa osnovnim i srednjim \u0161kolama, te sa Centrom za socijalno staranje. Posebnu pa\u017enju posvetili su penzionerima, ali i najmla\u0111im sugra\u0111anima.<\/p>\n\n\n\n<p>U biblioteci \u0107e ubrzo biti otvoren Muzi\u010dki studio namijenjen svim mladim muzi\u010dki talentovanim sugra\u0111anima za izra\u017eavanje svoje kreativnosti. Biblioteka \u0107e svoje odjeljenje dobiti u Bloku V. Tako\u0111e, u biblioteci se radi i na zamjeni sistema hla\u0111enja i grijanja, opravci krova. Povodom jubileja biblioteke 19. januara u KIC-u Budo Tomovi\u0107 bi\u0107e uprili\u010dena sve\u010danost, na kojoj \u0107e biti prikazan dokumentarni film u produkciji Televizije Podgorica o razvoju Biblioteke.<\/p>\n\n\n\n<p>Op\u0161irnije u prilogu:<\/p>\n\n\n\n<figure class=\"wp-block-embed is-type-video is-provider-youtube wp-block-embed-youtube wp-embed-aspect-16-9 wp-has-aspect-ratio\"><div class=\"wp-block-embed__wrapper\">\n<iframe title=\"145 godina od osnivanja Biblioteke \u201eRadosav Ljumovi\u0107\u201c: Besplatno u\u010dlanjivanje za gra\u0111ane\" width=\"800\" height=\"450\" src=\"https:\/\/www.youtube.com\/embed\/CA0h0ismxnU?feature=oembed\" frameborder=\"0\" allow=\"accelerometer; autoplay; clipboard-write; encrypted-media; gyroscope; picture-in-picture; web-share\" referrerpolicy=\"strict-origin-when-cross-origin\" allowfullscreen><\/iframe>\n<\/div><\/figure>","protected":false},"excerpt":{"rendered":"<p>Fond knjiga biblioteke &#8222;Radosav Ljumovi\u0107&#8220; zna\u010dajno je uve\u0107an u prethodnoj godini, a revizija knji\u017enog fonda ove godine prvi put se radi elektronski. To je istakla direktorica te ustanove Slavica Ilin\u010di\u0107 na pres konferenciji na kojoj je predstavila rad biblioteke u 2025-oj. Naglasila je da \u0107e Biblioteka u ovoj, jubilarnoj godini, otvoriti muzi\u010dki studio i podru\u010dna odjeljenja u djelovima grada gdje ih jo\u0161 nema.<\/p>","protected":false},"author":4,"featured_media":899487,"comment_status":"open","ping_status":"open","sticky":false,"template":"","format":"standard","meta":{"_acf_changed":false,"footnotes":"","jetpack_publicize_message":"","jetpack_publicize_feature_enabled":true,"jetpack_social_post_already_shared":false,"jetpack_social_options":{"image_generator_settings":{"template":"highway","default_image_id":0,"font":"","enabled":false},"version":2}},"categories":[11],"tags":[16975,16976,11519,689,4038],"naslovna":[],"class_list":["post-899486","post","type-post","status-publish","format-standard","has-post-thumbnail","hentry","category-kultura","tag-145-godina-od-osnivanja","tag-besplatno-uclanjivanje","tag-biblioteka-radosav-ljumovic","tag-gradjani","tag-jubilej"],"acf":[],"jetpack_publicize_connections":[],"_links":{"self":[{"href":"https:\/\/gradski.me\/en\/wp-json\/wp\/v2\/posts\/899486","targetHints":{"allow":["GET"]}}],"collection":[{"href":"https:\/\/gradski.me\/en\/wp-json\/wp\/v2\/posts"}],"about":[{"href":"https:\/\/gradski.me\/en\/wp-json\/wp\/v2\/types\/post"}],"author":[{"embeddable":true,"href":"https:\/\/gradski.me\/en\/wp-json\/wp\/v2\/users\/4"}],"replies":[{"embeddable":true,"href":"https:\/\/gradski.me\/en\/wp-json\/wp\/v2\/comments?post=899486"}],"version-history":[{"count":0,"href":"https:\/\/gradski.me\/en\/wp-json\/wp\/v2\/posts\/899486\/revisions"}],"wp:featuredmedia":[{"embeddable":true,"href":"https:\/\/gradski.me\/en\/wp-json\/wp\/v2\/media\/899487"}],"wp:attachment":[{"href":"https:\/\/gradski.me\/en\/wp-json\/wp\/v2\/media?parent=899486"}],"wp:term":[{"taxonomy":"category","embeddable":true,"href":"https:\/\/gradski.me\/en\/wp-json\/wp\/v2\/categories?post=899486"},{"taxonomy":"post_tag","embeddable":true,"href":"https:\/\/gradski.me\/en\/wp-json\/wp\/v2\/tags?post=899486"},{"taxonomy":"naslovna","embeddable":true,"href":"https:\/\/gradski.me\/en\/wp-json\/wp\/v2\/naslovna?post=899486"}],"curies":[{"name":"wp","href":"https:\/\/api.w.org\/{rel}","templated":true}]}}