{"id":899474,"date":"2026-01-16T18:52:00","date_gmt":"2026-01-16T17:52:00","guid":{"rendered":"https:\/\/new.gradski.me\/uncategorized\/karavan-praznika-mimoze-u-vrnjackoj-banji\/"},"modified":"2026-01-16T18:52:00","modified_gmt":"2026-01-16T17:52:00","slug":"karavan-praznika-mimoze-u-vrnjackoj-banji","status":"publish","type":"post","link":"https:\/\/gradski.me\/en\/drustvo\/karavan-praznika-mimoze-u-vrnjackoj-banji\/","title":{"rendered":"Karavan Praznika mimoze u Vrnja\u010dkoj Banji"},"content":{"rendered":"<p>Sve\u010danu povorku Gradske muzike i ma\u017eoretki Herceg Novi, trombonjera i ma\u0161kara pratio je veliki broj mje\u0161tana i gostiju, koji su u\u017eivali u mediteranskoj muzici, koreografijama i cvijetu mimoze. Pa\u017enju posjetilaca privukao je \u0161tand Turisti\u010dke organizacije Herceg Novi na kojem su, uz mimozu, dijeljeni propagandni materijali Praznika mimoze. <\/p>\n\n\n\n<p>&#8222;Vrnja\u010dka Banja je ove godine na ruti koju posje\u0107uje Karavan Praznika mimoze, \u0161to predstavlja obostrano zadovoljstvo. Uz defile Gradske muzike, ma\u017eoretki, ma\u0161kara, trombonjera i mimozu, poku\u0161a\u0107emo da do\u010daramo dio atmosfere koja \u0107e vladati od 13. do 28. februara. To je i najljep\u0161a pozivnica da u tom periodu posjete Herceg Novi\u201c, istakla je direktorica JUK Herceg Fest, Tatjana Ateljevi\u0107.<\/p>\n\n\n\n<p>Karavan Praznika mimoze prvi put posjetio je Vrnja\u010dku Banju a Novljani su nai\u0161li na odli\u010dan prijem, kazala je direktorica Turisti\u010dke organizacije Herceg Novi, Darija Bani\u0107evi\u0107.<\/p>\n\n\n\n<p>\u201eVeliki broj mje\u0161tana i gostiju ispratio je karavan. Drago nam je \u0161to imamo ovaj vid saradnje i nadam se da \u0107e ona biti nastavljena istim intenzitetom. O\u010dekujemo mje\u0161tane i goste Vrnja\u010dke Banje na Prazniku mimoze u Herceg Novom\u201c, kazala je Bani\u0107evi\u0107.<\/p>\n\n\n\n<p>Promocija 57. Praznika mimoze planirana je sjutra na Zlatiboru, u nedjelju u Nik\u0161i\u0107u, narednog vikenda u Isto\u010dnom Sarajevu i Banja Luci, a potom i u Trebinju.<\/p>\n\n\n\n<p>Pod sloganom \u201eDok sve spava, mimoza se budi\u201c objedinjeno je oko 60 pu\u010dkih, kulturnih, zabavnih, gastro i sportskih programa tokom dvije nedjelje, od 13. do 28. februara.  Organizatori i pokrovitelji manifestacije su Op\u0161tina Herceg Novi, JUK Herceg Fest i Turisti\u010dka organizacija Herceg Novi.<\/p>","protected":false},"excerpt":{"rendered":"<p>Karavan 57. Praznika mimoze posjetio je danas Vrnja\u010dku Banju i ulicama tog grada darivao dio najveselije fe\u0161te u regionu.<\/p>","protected":false},"author":4,"featured_media":899475,"comment_status":"open","ping_status":"open","sticky":false,"template":"","format":"standard","meta":{"_acf_changed":false,"footnotes":"","jetpack_publicize_message":"","jetpack_publicize_feature_enabled":true,"jetpack_social_post_already_shared":false,"jetpack_social_options":{"image_generator_settings":{"template":"highway","default_image_id":0,"font":"","enabled":false},"version":2}},"categories":[9],"tags":[16866,6916,16969],"naslovna":[],"class_list":["post-899474","post","type-post","status-publish","format-standard","has-post-thumbnail","hentry","category-drustvo","tag-praznik-mimoze","tag-to-herceg-novi","tag-vrnjacka-banja"],"acf":[],"jetpack_publicize_connections":[],"_links":{"self":[{"href":"https:\/\/gradski.me\/en\/wp-json\/wp\/v2\/posts\/899474","targetHints":{"allow":["GET"]}}],"collection":[{"href":"https:\/\/gradski.me\/en\/wp-json\/wp\/v2\/posts"}],"about":[{"href":"https:\/\/gradski.me\/en\/wp-json\/wp\/v2\/types\/post"}],"author":[{"embeddable":true,"href":"https:\/\/gradski.me\/en\/wp-json\/wp\/v2\/users\/4"}],"replies":[{"embeddable":true,"href":"https:\/\/gradski.me\/en\/wp-json\/wp\/v2\/comments?post=899474"}],"version-history":[{"count":0,"href":"https:\/\/gradski.me\/en\/wp-json\/wp\/v2\/posts\/899474\/revisions"}],"wp:featuredmedia":[{"embeddable":true,"href":"https:\/\/gradski.me\/en\/wp-json\/wp\/v2\/media\/899475"}],"wp:attachment":[{"href":"https:\/\/gradski.me\/en\/wp-json\/wp\/v2\/media?parent=899474"}],"wp:term":[{"taxonomy":"category","embeddable":true,"href":"https:\/\/gradski.me\/en\/wp-json\/wp\/v2\/categories?post=899474"},{"taxonomy":"post_tag","embeddable":true,"href":"https:\/\/gradski.me\/en\/wp-json\/wp\/v2\/tags?post=899474"},{"taxonomy":"naslovna","embeddable":true,"href":"https:\/\/gradski.me\/en\/wp-json\/wp\/v2\/naslovna?post=899474"}],"curies":[{"name":"wp","href":"https:\/\/api.w.org\/{rel}","templated":true}]}}