{"id":899441,"date":"2026-01-16T14:20:00","date_gmt":"2026-01-16T13:20:00","guid":{"rendered":"https:\/\/new.gradski.me\/uncategorized\/zarubica-i-mikavica-pregovori-se-nastavljaju-novi-sastanak-23-januara\/"},"modified":"2026-01-16T14:20:00","modified_gmt":"2026-01-16T13:20:00","slug":"zarubica-i-mikavica-pregovori-se-nastavljaju-novi-sastanak-23-januara","status":"publish","type":"post","link":"https:\/\/gradski.me\/en\/drustvo\/zarubica-i-mikavica-pregovori-se-nastavljaju-novi-sastanak-23-januara\/","title":{"rendered":"Zarubica and Mikavica: Negotiations continue, new meeting on January 23rd"},"content":{"rendered":"<p><\/p>\n\n\n\n<p>Novi sastanak je planiran 23. jaunar, a do tada \u0107e predstavnici dvije sindikalne organizacije i poslodavci sa resornom ministarkom rada i socijalnog satranja nastaviti pregovore i tra\u017eiti najbolje rje\u0161enje.<\/p>\n\n\n\n<p>&#8222;Dogovoreno je da 23. januara imamo ponovo sastanak sa premijerom i da do tada sa resornom ministarkom pokumo da na\u0111emo optimalo rje\u0161enja. Dogovoreno je i da o pojedinostima ne izlazimo u javnost do kona\u010dnog rje\u0161enja. Ne odustajemo od zahtjev da pove\u0107anje bude na 100 eura&#8220;, kazao je Zarubica.<\/p>\n\n\n\n<p>Predsjednik Unije poslodavaca Slobodan Mikavica isti\u010de da je najva\u017enije poruka nakon dana\u0161njeg sastanka da se pregovori nastavljaju.<\/p>\n\n\n\n<p>&#8222;Zahtjevi sindikata su jedno, a uticaji na privredu drugo i potrebno je rje\u0161enje sa kojima \u0107e svi biti zadovoljni&#8220;, poru\u010duio je Mikavica.<\/p>","protected":false},"excerpt":{"rendered":"<p>Generalni sekretar Saveza sindikata Crne Gore Du\u0161ko Zarubica je kazao da su danas na sastanku sa premijerom i predstavnicima Ministarstva finansija otvorena jo\u0161 neka pitanja iz Op\u0161teg kolektivnog ugovora, osim obra\u010dunske vrijednosti, te da \u0107e se razgovori nastaviti.<\/p>","protected":false},"author":4,"featured_media":899442,"comment_status":"open","ping_status":"open","sticky":false,"template":"","format":"standard","meta":{"_acf_changed":false,"footnotes":"","jetpack_publicize_message":"","jetpack_publicize_feature_enabled":true,"jetpack_social_post_already_shared":false,"jetpack_social_options":{"image_generator_settings":{"template":"highway","default_image_id":0,"font":"","enabled":false},"version":2}},"categories":[9],"tags":[16946,213,1505,16947],"naslovna":[],"class_list":["post-899441","post","type-post","status-publish","format-standard","has-post-thumbnail","hentry","category-drustvo","tag-dusko-zarubica","tag-pregovori","tag-sastanak","tag-slobodan-mikavica"],"acf":[],"jetpack_publicize_connections":[],"_links":{"self":[{"href":"https:\/\/gradski.me\/en\/wp-json\/wp\/v2\/posts\/899441","targetHints":{"allow":["GET"]}}],"collection":[{"href":"https:\/\/gradski.me\/en\/wp-json\/wp\/v2\/posts"}],"about":[{"href":"https:\/\/gradski.me\/en\/wp-json\/wp\/v2\/types\/post"}],"author":[{"embeddable":true,"href":"https:\/\/gradski.me\/en\/wp-json\/wp\/v2\/users\/4"}],"replies":[{"embeddable":true,"href":"https:\/\/gradski.me\/en\/wp-json\/wp\/v2\/comments?post=899441"}],"version-history":[{"count":0,"href":"https:\/\/gradski.me\/en\/wp-json\/wp\/v2\/posts\/899441\/revisions"}],"wp:featuredmedia":[{"embeddable":true,"href":"https:\/\/gradski.me\/en\/wp-json\/wp\/v2\/media\/899442"}],"wp:attachment":[{"href":"https:\/\/gradski.me\/en\/wp-json\/wp\/v2\/media?parent=899441"}],"wp:term":[{"taxonomy":"category","embeddable":true,"href":"https:\/\/gradski.me\/en\/wp-json\/wp\/v2\/categories?post=899441"},{"taxonomy":"post_tag","embeddable":true,"href":"https:\/\/gradski.me\/en\/wp-json\/wp\/v2\/tags?post=899441"},{"taxonomy":"naslovna","embeddable":true,"href":"https:\/\/gradski.me\/en\/wp-json\/wp\/v2\/naslovna?post=899441"}],"curies":[{"name":"wp","href":"https:\/\/api.w.org\/{rel}","templated":true}]}}