{"id":899426,"date":"2026-01-16T13:33:00","date_gmt":"2026-01-16T12:33:00","guid":{"rendered":"https:\/\/new.gradski.me\/uncategorized\/narko-karteli-gdje-se-srijecu-venecuela-i-balkan\/"},"modified":"2026-01-16T13:33:00","modified_gmt":"2026-01-16T12:33:00","slug":"narko-karteli-gdje-se-srijecu-venecuela-i-balkan","status":"publish","type":"post","link":"https:\/\/gradski.me\/en\/hronika\/narko-karteli-gdje-se-srijecu-venecuela-i-balkan\/","title":{"rendered":"Narko-karteli: Gdje se srije\u0107u Venecuela i Balkan"},"content":{"rendered":"<p>Putevi narkotika preko Venecuele ponovo su dospjeli u fokus nakon \u0161to su ameri\u010dke vlasti otele i optu\u017eile predsjednika te zemlje Nikolasa Madura za \u201enarko-terorizam\u201c. Dok se postupak vodi u Njujorku, name\u0107e se pitanje gde se u toj globalnoj mre\u017ei nalaze balkanske kriminalne grupe, pi\u0161e Doj\u010de vele.<\/p>\n\n\n\n<p>Transkripti poruka sa kriptovane aplikacije Skaj, koju su koristile kriminalne grupe \u0161irom svijeta, ukazuju na kontakte balkanskih klanova sa dobavlja\u010dima u Venecueli.<\/p>\n\n\n\n<p>U jednoj od poruka iz 2020. godine pominje se kupovina tri tone kokaina od osobe ozna\u010dene kao \u201ePatron\u201c. Odluka o nabavci dodatne koli\u010dine droge, prema istra\u017enim spisima, donijeta je pod nadzorom Radoja Zvicera, osu\u0111enog \u0161efa kava\u010dkog klana iz Crne Gore, koji poslove vodi i u Srbiji.<\/p>\n\n\n\n<p>Samo dan kasnije, holandske vlasti su na Arubi, oko 25 kilometara od obale Venecuele, uhapsile 11 crnogorskih dr\u017eavljana. Na brodu \u201eARESSA\u201c prona\u0111eno je pet tona kokaina, a sud na tom karipskom ostrvu izrekao je \u010dlanovima posade kazne od devet do 15 godina zatvora. Taj slu\u010daj predstavlja jednu od dokumentovanih veza balkanskih kriminalnih struktura i ruta koje vode preko Venecuele.<\/p>\n\n\n\n<p>Godinama nakon tog slu\u010daja, Venecuela se ponovo na\u0161la u centru pa\u017enje. Ameri\u010dko pravosu\u0111e tereti predsjednika Nikolasa Madura za saradnju sa vi\u0161e kriminalnih organizacija, me\u0111u kojima su meksi\u010dki karteli Sinaloa i Zetas, kolumbijska pobunjeni\u010dka grupa FARC, kao i venecuelanska banda Tren de Aragua. Maduro je na saslu\u0161anju u Njujorku negirao sve optu\u017ebe.<\/p>\n\n\n\n<p>Gde je tu Balkan?<\/p>\n\n\n\n<p>Me\u0111utim, direktne veze balkanskih kriminalnih grupa sa kartelima navedenim u optu\u017enici za sada nijesu javno potvr\u0111ene.<\/p>\n\n\n\n<p>\u201cNa su\u0111enjima pripadnicima kotorskih klanova vrlo rijetko se precizno imenuju karteli\u201c, ka\u017ee za DW Jelena Jovanovi\u0107, novinarka crnogorskih Vijesti koja prati te procese.<\/p>\n\n\n\n<p>\u201cMnogo \u010de\u0161\u0107e se koriste op\u0161ti opisi poput \u2019kolumbijski\u2019, \u2019ekvadorski\u2019, \u2019brazilski\u2019 kontakti i dobavlja\u010di ili \u2019ju\u017enoameri\u010dki dobavlja\u010di\u2019, bez preciznog imenovanja kartela. Veza sa Latinskom Amerikom je vidljiva\u201c, obja\u0161njava sagovornica DW.<\/p>\n\n\n\n<p>Ipak, konkretna saradnja sa jednim od navedenih kartela u Madurovoj optu\u017enici postoji u Albaniji. Naime, albanska kriminalna porodica Hisa se na\u0161la na meti Ameri\u010dkog Ministarstva finansija zbog optu\u017ebe da su prali novac u korist kartela Sinaloa.<\/p>\n\n\n\n<p>Tokovi novca su i\u0161li preko kockarskih objekata, a u pitanju je cifra od oko dva miliona dolara u periodu od 2017. do 2024. godine. Taj novac je, prema ameri\u010dkom ministarstvu, stizao u SAD, gdje je jedna od kompanija povezanih sa tom porodicom kori\u0161\u0107ena za pranje para.<\/p>\n\n\n\n<p>Jovanovi\u0107 ka\u017ee da se u me\u0111unarodnim istragama balkanske organizovane grupe \u201e\u010desto tretiraju i kao \u0161iri konglomerat mre\u017ea iz Crne Gore, Srbije, Albanije, Hrvatske, BiH i Slovenije\u201c, te da ih zato i zovu Balkanskim kartelom.<\/p>\n\n\n\n<p>Ruta narkotika<\/p>\n\n\n\n<p>Venecuela se u brojnim me\u0111unarodnim izvje\u0161tajima opisuje kao tranzitna zemlja za kokain koji iz Kolumbije i drugih proizvo\u0111a\u010dkih zemalja sti\u017ee ka Evropi. Na to ukazuje i Globalna inicijativa za borbu protiv transnacionalnog organizovanog kriminala.<\/p>\n\n\n\n<p>Na tim rutama sve \u010de\u0161\u0107e se pojavljuju i zemlje Zapadne Afrike, poput Sijera Leonea, Senegala, Gvineje Bisao, Gvineje i Gambije. Srbija se tako\u0111e pojavljuje u tom kontekstu. Biv\u0161i policajac iz Loznice, Miroslav Star\u010devi\u0107, ozna\u010den je kao vo\u0111a grupe koja je koristila Sijera Leone kao \u010dvori\u0161te za skladi\u0161tenje i pakovanje kokaina u kontejnere. Ta grupa se dovodi u vezu sa kava\u010dkim klanom.<\/p>\n\n\n\n<p>Kako Jovanovi\u0107 obja\u0161njava, Zapadna Afrika se sve \u010de\u0161\u0107e spominje u predmetima za balkanske kriminalne mre\u017ee, odnosno za skladi\u0161tenje, pretovar, prepakivanje i slanje ka Evropi. Me\u0111utim, to nije pravilo.<\/p>\n\n\n\n<p>\u201cZa crnogorske organizovane kriminalne grupe dominantan obrazac jesu Ekvador, Kolumbija i Brazil. Iz tamo\u0161njih luka kokain kontejnerskim brodovima sti\u017ee do velikih evropskih luka, poput Roterdama i Antverpena, odakle se dalje distribuira \u0161irom Evrope\u201c, navodi sagovornica DW.<\/p>\n\n\n\n<p>Obim kriminala i na\u010din djelovanja<\/p>\n\n\n\n<p>Detalji o na\u010dinu rada balkanskih kriminalnih mre\u017ea postali su dostupni nakon \u0161to su pripadnici francuske policije razbili kriptovane komunikacione platforme poput Skaja, ANOM-a i Enkro\u010ceta.<\/p>\n\n\n\n<p>Kako Jovanovi\u0107 obja\u0161njava, fokus komunikacije je obi\u010dno na \u201elogistici, kontejnerima, lukama, \u2019linijama\u2019, ljudima na terenu i korupciji koja omogu\u0107ava ubacivanje po\u0161iljke u legalni transport\u201c, te da ljudi koji rade na terenskim brodovima nijesu ni svesni da prevoze narkotike.<\/p>\n\n\n\n<p>\u201cPoruke \u010desto upu\u0107uju na pristup lukama preko mita i \u2019fiksera \u2019, ubacivanje kokaina u legalne kontejnere, \u010desto bez znanja navedenih po\u0161iljalaca i primalaca, mre\u017ee lu\u010dkih radnika, \u0161peditera, posrednika i regionalnih dobavlja\u010da u Kolumbiji, Ekvadoru i Brazilu, kao i opsesiju pra\u0107enja po\u0161iljke\u201c, ka\u017ee Jovanovi\u0107.<\/p>\n\n\n\n<p>Dodaje da \u201eBalkanski kartel\u201c ima \u0161iroku mre\u017eu saradnika, koje se prostire na preko 30 dr\u017eava, te da je sama organizacija velika i operativno sna\u017ena.<\/p>\n\n\n\n<p>Prema njenim rije\u010dima, bez korupcije i \u201eljudi unutar sistema\u201c takve operacije ne bi bile mogu\u0107e. Upravo zbog obima i nivoa organizacije, smatra da bi balkanske kriminalne mre\u017ee mogle do\u0107i i u fokus ameri\u010dkih vlasti.<\/p>","protected":false},"excerpt":{"rendered":"<p>Amerikanci sude Nikolasu Maduru za \u201enarko-terorizam\u201c. No, u brojnim istragama o \u0161vercu narkotika iz Latinske Amerike pominju se i balkanski karteli. Da li \u0107e i oni do\u0107i na udar ameri\u010dkih vlasti?<\/p>","protected":false},"author":16,"featured_media":899427,"comment_status":"open","ping_status":"open","sticky":false,"template":"","format":"standard","meta":{"_acf_changed":false,"footnotes":"","jetpack_publicize_message":"","jetpack_publicize_feature_enabled":true,"jetpack_social_post_already_shared":false,"jetpack_social_options":{"image_generator_settings":{"template":"highway","default_image_id":0,"font":"","enabled":false},"version":2}},"categories":[10],"tags":[4421,7107,3113],"naslovna":[],"class_list":["post-899426","post","type-post","status-publish","format-standard","has-post-thumbnail","hentry","category-hronika","tag-balkan","tag-narko-karteli","tag-venecuela"],"acf":[],"jetpack_publicize_connections":[],"_links":{"self":[{"href":"https:\/\/gradski.me\/en\/wp-json\/wp\/v2\/posts\/899426","targetHints":{"allow":["GET"]}}],"collection":[{"href":"https:\/\/gradski.me\/en\/wp-json\/wp\/v2\/posts"}],"about":[{"href":"https:\/\/gradski.me\/en\/wp-json\/wp\/v2\/types\/post"}],"author":[{"embeddable":true,"href":"https:\/\/gradski.me\/en\/wp-json\/wp\/v2\/users\/16"}],"replies":[{"embeddable":true,"href":"https:\/\/gradski.me\/en\/wp-json\/wp\/v2\/comments?post=899426"}],"version-history":[{"count":0,"href":"https:\/\/gradski.me\/en\/wp-json\/wp\/v2\/posts\/899426\/revisions"}],"wp:featuredmedia":[{"embeddable":true,"href":"https:\/\/gradski.me\/en\/wp-json\/wp\/v2\/media\/899427"}],"wp:attachment":[{"href":"https:\/\/gradski.me\/en\/wp-json\/wp\/v2\/media?parent=899426"}],"wp:term":[{"taxonomy":"category","embeddable":true,"href":"https:\/\/gradski.me\/en\/wp-json\/wp\/v2\/categories?post=899426"},{"taxonomy":"post_tag","embeddable":true,"href":"https:\/\/gradski.me\/en\/wp-json\/wp\/v2\/tags?post=899426"},{"taxonomy":"naslovna","embeddable":true,"href":"https:\/\/gradski.me\/en\/wp-json\/wp\/v2\/naslovna?post=899426"}],"curies":[{"name":"wp","href":"https:\/\/api.w.org\/{rel}","templated":true}]}}