{"id":899351,"date":"2026-01-16T09:04:00","date_gmt":"2026-01-16T08:04:00","guid":{"rendered":"https:\/\/new.gradski.me\/uncategorized\/lavovi-krecu-protiv-zmajceka-cavor-hemija-je-kljuc-ocekujem-najbolje\/"},"modified":"2026-01-16T09:04:00","modified_gmt":"2026-01-16T08:04:00","slug":"lavovi-krecu-protiv-zmajceka-cavor-hemija-je-kljuc-ocekujem-najbolje","status":"publish","type":"post","link":"https:\/\/gradski.me\/en\/sport\/lavovi-krecu-protiv-zmajceka-cavor-hemija-je-kljuc-ocekujem-najbolje\/","title":{"rendered":"&#8222;Lavovi&#8220; kre\u0107u protiv &#8222;zmaj\u010deka&#8220;; \u010cavor: Hemija je klju\u010d, o\u010dekujem najbolje"},"content":{"rendered":"<p><\/p>\n\n\n\n<p>Upravo su popularni \u201ezmaj\u010deki\u201c prvi protivnik crnogorske reprezentacije. Bi\u0107e to sedmo uzastopno, ukupno osmo u\u010de\u0161\u0107e na\u0161e selekcije na kontinentalnom prvenstvu. Dva puta do sada \u201ecrveni\u201c su stizali do druge faze \u0161ampionata. \u017delja je da se ponovo izbori mjesto me\u0111u 12 najboljih ekipa.<\/p>\n\n\n\n<p>Crna Gora nije kompletna. Nedostaju golmani Simi\u0107 i Matovi\u0107, te lijevo krilo Baki\u0107, a za Harisa Suljevi\u0107a, Luku Vujovi\u0107a, Admira Pelidiju i Milorada Baki\u0107a ovo prvenstvo bi\u0107e debi na najve\u0107im takmi\u010denjima. U kvalifikacijama je taj spoj mladosti i iskustva dao najbolji rezultat ikada. Od velikog zna\u010daja mo\u017ee biti povratak u nacionalni tim Vuka Borozana, koji je u pripremnom me\u010du sa Bosnom i Hercegovinom pokazao da ima \u0161ta da pru\u017ei na obje strane terena. Dosta se o\u010dekuje od bekova, a na toj poziciji na\u0161a selekcija je dobro popunjena. Sada jedan od najiskusnijih u sastavu, <strong>Stefan \u010cavor<\/strong>, optimista je pred start turnira.<\/p>\n\n\n\n<p>\u201eSvako prvenstvo nosi ne\u0161to novo i postavlja neki novi cilj. Ovog puta to je da se plasiramo u narednu rundu, ako je to mogu\u0107e. Idemo korak po korak i nadamo se najboljem. \u0160to se ti\u010de ove generacije i ove ekipe, mislim da je atmosfera najbolja do sada. To je klju\u010d \u2013 ta hemija koju smo stvorili u posljednjih par godina. Ima dosta momaka koji su u odli\u010dnoj formi i veliki su potencijal za reprezentaciju. O\u010dekujem najbolje\u201c, kazao je 31-godi\u0161nji bek njema\u010dkog Veclara.<\/p>\n\n\n\n<p>Iako bez udarne igle Vlaha, prvog pivota Blagotin\u0161eka, te Kljuna, Gro\u0161elja, Zarabeca, Malusa, Cehteta i od prije par dana golmana Ferlina, Slovenija je izuzetno dobra reprezentacija. U sastavu ima dva igra\u010da Barselone \u2013 Bla\u017ea Janca i Domena Makuca, od kojih se najvi\u0161e o\u010dekuje u napadu. Veliku pomo\u0107 ima\u0107e od Kodrina, Novaka i Hor\u017eena. \u010cavor smatra da je njihova najve\u0107a prednost sistem igre koji forsira selektor Uro\u0161 Zorman.<\/p>\n\n\n\n<p>\u201ePosljednjih par godina igraju jedan isti sistem i dr\u017ee se toga. Iako imaju dosta povrije\u0111enih igra\u010da, znamo da \u0107e biti izuzetno te\u0161ka utakmica i da \u0107emo morati da igramo svih 60 minuta taj brzi rukomet. Proba\u0107emo da ispratimo njihov tempo, ali i da uspostavimo stvari koje nama odgovaraju\u201c, naglasio je \u010cavor.<\/p>\n\n\n\n<p>Izostankom Ferlina, na golu Slovenije minute \u0107e dijeliti pro\u0161losezonski najbolji golman francuskog \u0161ampionata Jo\u017ee Ba\u017enik i Cetinjanin Miljan Vujovi\u0107, \u010diji je ro\u0111eni brat Savo odradio kompletne pripreme sa crnogorskom reprezentacijom, ali se nije na\u0161ao na kon\u010danom spisku selektora Dinara. Ispred njih \u010cavor o\u010dekuje njihovu prepoznatljivu odbranu 3-3.<\/p>\n\n\n\n<p>\u201eImaju odli\u010dne golmane, a na\u010din na koji igraju odbranu nezgodan je za bekove-\u0161utere. Ta 3-3 odbrana jeste te\u0161ka za nas, ali mo\u017eda otvara mnogo drugih opcija u zoni izme\u0111u \u0161est i devet metara. Ako budemo radili sve kao na treninzima, vjerujem da ne\u0107e biti problema\u201c, zaklju\u010dio je \u010cavor.<\/p>\n\n\n\n<p>Utakmica izme\u0111u rukometa\u0161a Crne Gore i Slovenije u Oslu po\u010de\u0107e u 18 sati (TVCG 2). Sudi\u0107e danski arbitri Hansen i Madsen. U drugom me\u010du te grupe, od 20.30, rivali \u0107e biti Farska Ostrva i \u0160vajcarska.<\/p>","protected":false},"excerpt":{"rendered":"<p>Kada su u maju pro\u0161le godine na\u0161i rukometa\u0161i saznali rivale u grupi na Evropskom prvenstvu, bez dileme Slovenija je va\u017eila za velikog favorita. U me\u0111uvremenu, Slovenci su desetkovani brojnim izostancima, pa je utisak da preostale selekcije iz grupe, osim matemati\u010dki, imaju i prakti\u010dno jednake \u0161anse da se domognu Glavne runde.<\/p>","protected":false},"author":4,"featured_media":899352,"comment_status":"open","ping_status":"open","sticky":false,"template":"","format":"standard","meta":{"_acf_changed":false,"footnotes":"","jetpack_publicize_message":"","jetpack_publicize_feature_enabled":true,"jetpack_social_post_already_shared":false,"jetpack_social_options":{"image_generator_settings":{"template":"highway","default_image_id":0,"font":"","enabled":false},"version":2}},"categories":[15],"tags":[16918,16138],"naslovna":[],"class_list":["post-899351","post","type-post","status-publish","format-standard","has-post-thumbnail","hentry","category-sport","tag-lavovi","tag-stefan-cavor"],"acf":[],"jetpack_publicize_connections":[],"_links":{"self":[{"href":"https:\/\/gradski.me\/en\/wp-json\/wp\/v2\/posts\/899351","targetHints":{"allow":["GET"]}}],"collection":[{"href":"https:\/\/gradski.me\/en\/wp-json\/wp\/v2\/posts"}],"about":[{"href":"https:\/\/gradski.me\/en\/wp-json\/wp\/v2\/types\/post"}],"author":[{"embeddable":true,"href":"https:\/\/gradski.me\/en\/wp-json\/wp\/v2\/users\/4"}],"replies":[{"embeddable":true,"href":"https:\/\/gradski.me\/en\/wp-json\/wp\/v2\/comments?post=899351"}],"version-history":[{"count":0,"href":"https:\/\/gradski.me\/en\/wp-json\/wp\/v2\/posts\/899351\/revisions"}],"wp:featuredmedia":[{"embeddable":true,"href":"https:\/\/gradski.me\/en\/wp-json\/wp\/v2\/media\/899352"}],"wp:attachment":[{"href":"https:\/\/gradski.me\/en\/wp-json\/wp\/v2\/media?parent=899351"}],"wp:term":[{"taxonomy":"category","embeddable":true,"href":"https:\/\/gradski.me\/en\/wp-json\/wp\/v2\/categories?post=899351"},{"taxonomy":"post_tag","embeddable":true,"href":"https:\/\/gradski.me\/en\/wp-json\/wp\/v2\/tags?post=899351"},{"taxonomy":"naslovna","embeddable":true,"href":"https:\/\/gradski.me\/en\/wp-json\/wp\/v2\/naslovna?post=899351"}],"curies":[{"name":"wp","href":"https:\/\/api.w.org\/{rel}","templated":true}]}}