{"id":899319,"date":"2026-01-15T21:15:00","date_gmt":"2026-01-15T20:15:00","guid":{"rendered":"https:\/\/new.gradski.me\/uncategorized\/livit-slanje-evropskih-snaga-na-grenland-nece-promijeniti-trampov-stav-o-preuzimanju-te-teritorije\/"},"modified":"2026-01-15T21:15:00","modified_gmt":"2026-01-15T20:15:00","slug":"livit-slanje-evropskih-snaga-na-grenland-nece-promijeniti-trampov-stav-o-preuzimanju-te-teritorije","status":"publish","type":"post","link":"https:\/\/gradski.me\/en\/svijet\/livit-slanje-evropskih-snaga-na-grenland-nece-promijeniti-trampov-stav-o-preuzimanju-te-teritorije\/","title":{"rendered":"Livit: Slanje evropskih snaga na Grenland ne\u0107e promijeniti\u00a0Trampov stav o preuzimanju te teritorije"},"content":{"rendered":"<p><\/p>\n\n\n\n<p>Levit je rekla da su\u00a0razgovori ministara spoljnih poslova Danske i Grenlanda\u00a0sa ameri\u010dkim potpredsjednikom D\u017eej Di Vensom i dr\u017eavnim sekretarom Markom Rubiom bili &#8222;produktivni&#8220;.<\/p>\n\n\n\n<h2 class=\"wp-block-heading\">&#8222;Bio je to dobar sastanak&#8220;<\/h2>\n\n\n\n<p>&#8222;Bio je to dobar sastanak. Dvije strane su se slo\u017eile da uspostave radnu grupu koja \u0107e nastaviti tehni\u010dke razgovore o preuzimanju Grenlanda\u201c, rekla je Livit.<\/p>\n\n\n\n<p>Dodala je da bi ti razgovori trebalo da se odr\u017eavaju svake dvije do tri sedmice.<\/p>\n\n\n\n<p>&#8222;Ovo je razgovor koji administracija namjerava da nastavi sa Dancima i sa delegacijom Grenlanda&#8220;, rekla je ona.<\/p>\n\n\n\n<p>&#8222;Me\u0111utim, predsjednik je veoma jasno postavio svoj prioritet. On \u017eeli da Sjedinjene Ameri\u010dke Dr\u017eave preuzmu Grenland jer smatra da je to najbolje rje\u0161enje za nacionalnu bezbjednost.\u201c<\/p>\n\n\n\n<h2 class=\"wp-block-heading\">Evropske snage ne\u0107e promijeniti Trampov stav<\/h2>\n\n\n\n<p>Livit je naglasila da slanje evropskih snaga na Grenland ne\u0107e promijeniti\u00a0Trampov stav o preuzimanju te teritorije.<\/p>\n\n\n\n<p>Ranije je objavljeno da su snage iz Francuske, Njema\u010dke, Ujedinjenog Kraljevstva, Nizoozemske, Norve\u0161ke i \u0160vedske krenule ka Grenlandu.\u00a0<\/p>\n\n\n\n<p>Danska je poru\u010dila da \u0107e operacija &#8222;oja\u010dati na\u0161u sposobnost djelovanja u tom podru\u010dju\u201c, dok je Tramp ranije tvrdio da samo ameri\u010dka kontrola mo\u017ee da za\u0161titi arkti\u010dki teritorij od Rusije i Kine.<\/p>\n\n\n\n<p>Podsje\u0107amo, ministri spoljnih poslova Grenlanda i Danske odr\u017eali su razgovore sa Vensom i Rubiom, ali su nakon sastanka poru\u010dili da i dalje postoji &#8222;temeljno neslaganje&#8220; oko budu\u0107nosti tog danskog teritorija, prenosi&nbsp;<a href=\"https:\/\/www.index.hr\/vijesti\/clanak\/bijela-kuca-potvrdila-da-sad-ide-po-grenland-nema-veze-sto-su-europski-vojnici-tamo\/2750455.aspx?index_tid=891208&amp;index_ref=naslovnica_vijesti_ostalo_d_0\" rel=\"noreferrer noopener\" target=\"_blank\">Index.hr.<\/a><\/p>","protected":false},"excerpt":{"rendered":"<p>Portparolka Bijele ku\u0107e Kerolajn Livit izjavila je da je predsjednik SAD Donald Tramp jasno poru\u010dio da \u017eeli da Sjedinjene Ameri\u010dke Dr\u017eave &#8222;preuzmu&#8220; Grenland, dodaju\u0107i da slanje evropskih snaga na to podru\u010dje ne\u0107e uticati na njegovu odluku.<\/p>","protected":false},"author":4,"featured_media":899320,"comment_status":"open","ping_status":"open","sticky":false,"template":"","format":"standard","meta":{"_acf_changed":false,"footnotes":"","jetpack_publicize_message":"","jetpack_publicize_feature_enabled":true,"jetpack_social_post_already_shared":false,"jetpack_social_options":{"image_generator_settings":{"template":"highway","default_image_id":0,"font":"","enabled":false},"version":2}},"categories":[14],"tags":[1992,16868,16067,70],"naslovna":[],"class_list":["post-899319","post","type-post","status-publish","format-standard","has-post-thumbnail","hentry","category-svijet","tag-bijela-kuca","tag-evropski-vojnici","tag-grenland","tag-sad"],"acf":[],"jetpack_publicize_connections":[],"_links":{"self":[{"href":"https:\/\/gradski.me\/en\/wp-json\/wp\/v2\/posts\/899319","targetHints":{"allow":["GET"]}}],"collection":[{"href":"https:\/\/gradski.me\/en\/wp-json\/wp\/v2\/posts"}],"about":[{"href":"https:\/\/gradski.me\/en\/wp-json\/wp\/v2\/types\/post"}],"author":[{"embeddable":true,"href":"https:\/\/gradski.me\/en\/wp-json\/wp\/v2\/users\/4"}],"replies":[{"embeddable":true,"href":"https:\/\/gradski.me\/en\/wp-json\/wp\/v2\/comments?post=899319"}],"version-history":[{"count":0,"href":"https:\/\/gradski.me\/en\/wp-json\/wp\/v2\/posts\/899319\/revisions"}],"wp:featuredmedia":[{"embeddable":true,"href":"https:\/\/gradski.me\/en\/wp-json\/wp\/v2\/media\/899320"}],"wp:attachment":[{"href":"https:\/\/gradski.me\/en\/wp-json\/wp\/v2\/media?parent=899319"}],"wp:term":[{"taxonomy":"category","embeddable":true,"href":"https:\/\/gradski.me\/en\/wp-json\/wp\/v2\/categories?post=899319"},{"taxonomy":"post_tag","embeddable":true,"href":"https:\/\/gradski.me\/en\/wp-json\/wp\/v2\/tags?post=899319"},{"taxonomy":"naslovna","embeddable":true,"href":"https:\/\/gradski.me\/en\/wp-json\/wp\/v2\/naslovna?post=899319"}],"curies":[{"name":"wp","href":"https:\/\/api.w.org\/{rel}","templated":true}]}}