{"id":899294,"date":"2026-01-15T19:06:00","date_gmt":"2026-01-15T18:06:00","guid":{"rendered":"https:\/\/new.gradski.me\/uncategorized\/bozovic-neistina-da-je-bilo-ko-zabranio-odlaganje-otpada-zecanima\/"},"modified":"2026-01-15T19:06:00","modified_gmt":"2026-01-15T18:06:00","slug":"bozovic-neistina-da-je-bilo-ko-zabranio-odlaganje-otpada-zecanima","status":"publish","type":"post","link":"https:\/\/gradski.me\/en\/podgorica\/bozovic-neistina-da-je-bilo-ko-zabranio-odlaganje-otpada-zecanima\/","title":{"rendered":"Bo\u017eovi\u0107: Neistina da je bilo ko zabranio odlaganje otpada Ze\u0107anima"},"content":{"rendered":"<p><\/p>\n\n\n\n<p>\u201cMo\u017eda je lo\u0161a komunikacija izme\u0111u direktorice Komunalnog Zeta, gospo\u0111e Rajke Pantovi\u0107 i gospodina Asanovi\u0107a pa je do\u0161lo do nesporazuma, ali odgovorno tvrdim da ovo \u0161to je izjavio gospodin Asanovi\u0107 prosto nije istina\u201d, kazao je Bo\u017eovi\u0107.&nbsp;<\/p>\n\n\n\n<p>Poru\u010dio je i da se na ovu temu vi\u0161e ne\u0107e ogla\u0161avati.&nbsp;<\/p>\n\n\n\n<p>\u201cMolim sve javne li\u010dnosti da se slu\u017ee istinom, a ne da prave \u017ertve od sebe i svoje op\u0161tine samo da bi se stekao utisak da neko radi protiv interesa bilo kojeg gra\u0111anina Crne Gore\u201d, zaklju\u010dio je Bo\u017eovi\u0107.<\/p>","protected":false},"excerpt":{"rendered":"<p>Direktor\u00a0&#8222;Deponije&#8220; Podgorica Aleksandar Bo\u017eovi\u0107 demantovao je izjavu predsjednika Op\u0161tine Zeta, Mihaila Asanovi\u0107a, da je bilo ko \u00a0zabranio odlaganje otpada na podgori\u010dkoj Deponiji.\u00a0<\/p>","protected":false},"author":4,"featured_media":899295,"comment_status":"open","ping_status":"open","sticky":false,"template":"","format":"standard","meta":{"_acf_changed":false,"footnotes":"","jetpack_publicize_message":"","jetpack_publicize_feature_enabled":true,"jetpack_social_post_already_shared":false,"jetpack_social_options":{"image_generator_settings":{"template":"highway","default_image_id":0,"font":"","enabled":false},"version":2}},"categories":[6],"tags":[2956,16898,12185],"naslovna":[],"class_list":["post-899294","post","type-post","status-publish","format-standard","has-post-thumbnail","hentry","category-podgorica","tag-aleksandar-bozovic","tag-zabrana-odlaganja-otpada","tag-zecani"],"acf":[],"jetpack_publicize_connections":[],"_links":{"self":[{"href":"https:\/\/gradski.me\/en\/wp-json\/wp\/v2\/posts\/899294","targetHints":{"allow":["GET"]}}],"collection":[{"href":"https:\/\/gradski.me\/en\/wp-json\/wp\/v2\/posts"}],"about":[{"href":"https:\/\/gradski.me\/en\/wp-json\/wp\/v2\/types\/post"}],"author":[{"embeddable":true,"href":"https:\/\/gradski.me\/en\/wp-json\/wp\/v2\/users\/4"}],"replies":[{"embeddable":true,"href":"https:\/\/gradski.me\/en\/wp-json\/wp\/v2\/comments?post=899294"}],"version-history":[{"count":0,"href":"https:\/\/gradski.me\/en\/wp-json\/wp\/v2\/posts\/899294\/revisions"}],"wp:featuredmedia":[{"embeddable":true,"href":"https:\/\/gradski.me\/en\/wp-json\/wp\/v2\/media\/899295"}],"wp:attachment":[{"href":"https:\/\/gradski.me\/en\/wp-json\/wp\/v2\/media?parent=899294"}],"wp:term":[{"taxonomy":"category","embeddable":true,"href":"https:\/\/gradski.me\/en\/wp-json\/wp\/v2\/categories?post=899294"},{"taxonomy":"post_tag","embeddable":true,"href":"https:\/\/gradski.me\/en\/wp-json\/wp\/v2\/tags?post=899294"},{"taxonomy":"naslovna","embeddable":true,"href":"https:\/\/gradski.me\/en\/wp-json\/wp\/v2\/naslovna?post=899294"}],"curies":[{"name":"wp","href":"https:\/\/api.w.org\/{rel}","templated":true}]}}