{"id":899247,"date":"2026-01-15T17:28:00","date_gmt":"2026-01-15T16:28:00","guid":{"rendered":"https:\/\/new.gradski.me\/uncategorized\/upozorenje-sad-u-iz-austrije-ako-uzmete-grenland-mi-uzimamo-sve-vase-baze-u-evropi\/"},"modified":"2026-01-15T17:28:00","modified_gmt":"2026-01-15T16:28:00","slug":"upozorenje-sad-u-iz-austrije-ako-uzmete-grenland-mi-uzimamo-sve-vase-baze-u-evropi","status":"publish","type":"post","link":"https:\/\/gradski.me\/en\/svijet\/upozorenje-sad-u-iz-austrije-ako-uzmete-grenland-mi-uzimamo-sve-vase-baze-u-evropi\/","title":{"rendered":"Upozorenje SAD-u iz Austrije: Ako uzmete Grenland, mi uzimamo sve va\u0161e baze u Evropi"},"content":{"rendered":"\n<p><\/p>\n\n\n\n<h3 class=\"wp-block-heading\">&#8222;Ako uzmete Grenland, mi \u0107emo vama sve baze od Aviana do Ram\u0161tajna&#8220;<\/h3>\n\n\n\n<p>Felingerova izjava, objavljena pro\u0161le nedjelje, bila je djelimi\u010dno odgovor na objavu Kati Miler, supruge klju\u010dnog Trampovog savjetnika Stivena Milera, ujedno i podkasterke koja podr\u017eava Trampov pokret MAGA. Miler je objavila sliku Grenlanda prekrivenog ameri\u010dkom zastavom uz natpis &#8216;Uskoro&#8217;.<\/p>\n\n\n\n<p>&#8222;Ako ga uzmete, mi \u0107emo uzeti svaku bazu Amerikanaca od Aviana do Ram\u0161tajna. Sve va\u0161e vojne baze u Evropi bi\u0107e zaplijenjene i izgubi\u0107ete i njih i cijelu poziciju ameri\u010dke mo\u0107i od Drugog svjetskog rata. Ako uzmete Grenland, morate oti\u0107i&#8220;, rekao je Felingeru u videu.<\/p>\n\n\n\n<figure class=\"wp-block-embed is-type-rich is-provider-twitter wp-block-embed-twitter\"><div class=\"wp-block-embed__wrapper\">\n<blockquote class=\"twitter-tweet\" data-width=\"550\" data-dnt=\"true\"><p lang=\"en\" dir=\"ltr\">Fehlinger, chairman of the Austria Committee for NATO Enlargement, to US: <br><br>&quot;If you take it, we will take every single [US] base from Aviano to Ramstein, from Romania to all the other military bases, will be confiscated and you will lost it.&quot; <br><br>&quot;If you go extreme, we go extreme&quot; <a href=\"https:\/\/t.co\/aTUWmUBIGe\">pic.twitter.com\/aTUWmUBIGe<\/a><\/p>&mdash; Anonymous (@YourAnonCentral) <a href=\"https:\/\/twitter.com\/YourAnonCentral\/status\/2008568504056979658?ref_src=twsrc%5Etfw\" target=\"_blank\" rel=\"noopener\">January 6, 2026<\/a><\/blockquote><script async src=\"https:\/\/platform.twitter.com\/widgets.js\" charset=\"utf-8\"><\/script>\n<\/div><\/figure>\n\n\n\n<p>Obra\u0107aju\u0107i se otvoreno Miler, objasnio je ono \u0161to je nazvao pregovara\u010dkom mo\u0107i Evrope. &#8222;Vrlo je jednostavno, gospo\u0111o Miler, ovo je poluga koju imamo. Trebaju vam prostori za globalnu projekciju mo\u0107i, ne\u0107ete ih imati&#8220;, rekao je Felinger.<\/p>\n\n\n\n<p>&#8222;A mi se mo\u017eemo vrlo dobro braniti, i to \u0107emo u\u010diniti bez ameri\u010dkog nuklearnog \u0161tita, bez ameri\u010dkih snaga u Evropi, bez ameri\u010dkih baza. Jednostavno \u0107emo sami upravljati prostorima, i posla\u0107emo va\u0161e momke ku\u0107i u \u010cikago i Ohajo. I dovi\u0111enja&#8220;, dodao je, zaklju\u010div\u0161i upozorenjem: &#8222;Vi idete ekstremno, i mi idemo ekstremno. Budite sigurni u to.&#8220;<\/p>\n\n\n\n<h3 class=\"wp-block-heading\">Stav Bijele ku\u0107e: Sve opcije na stolu<\/h3>\n\n\n\n<p>Ove izjave uslijedile su nakon \u0161to je administracija predsjednika Trampa potvrdila da istra\u017euje na\u010dine za sticanje Grenlanda, pri \u010demu je Bijela ku\u0107a u utorak slu\u017ebeno potvrdila da je kori\u0161\u0107enje vojske &#8222;uvijek opcija&#8220;.<\/p>\n\n\n\n<p>&#8222;Predsjednik Tramp je jasno dao do znanja da je sticanje Grenlanda prioritet nacionalne bezbjednosti Sjedinjenih Dr\u017eava, i klju\u010dno je za odvra\u0107anje na\u0161ih protivnika u arkti\u010dkoj regiji&#8220;, stoji u izjavi portparole Bijele ku\u0107e Karolin Livit. &#8222;Predsjednik i njegov tim raspravljaju o nizu opcija za ostvarivanje ovog va\u017enog vanjskopoliti\u010dkog cilja, i naravno, kori\u0161\u0107enje ameri\u010dke vojske uvijek je opcija na raspolaganju vrhovnom komandantu.&#8220;<\/p>\n\n\n\n<p>Stiven Miler, zamjenik \u0161efa Trampovog kabineta i suprug Kati Miler, nedavno je rekao da se &#8222;niko ne\u0107e boriti protiv Sjedinjenih Dr\u017eava oko budu\u0107nosti Grenlanda&#8220;. U intervjuu za CNN tako\u0111e je tvrdio da vojna sila ne bi bila potrebna za osiguranje kontrole nad teritorijem s obzirom na njegovu ograni\u010denu populaciju, prenosi <strong>Index<\/strong>.<\/p>\n\n\n\n<figure class=\"wp-block-embed is-type-rich is-provider-twitter wp-block-embed-twitter\"><div class=\"wp-block-embed__wrapper\">\n<blockquote class=\"twitter-tweet\" data-width=\"550\" data-dnt=\"true\"><p lang=\"en\" dir=\"ltr\">SOON <a href=\"https:\/\/t.co\/XU6VmZxph3\">pic.twitter.com\/XU6VmZxph3<\/a><\/p>&mdash; Katie Miller (@KatieMiller) <a href=\"https:\/\/twitter.com\/KatieMiller\/status\/2007541679293944266?ref_src=twsrc%5Etfw\" target=\"_blank\" rel=\"noopener\">January 3, 2026<\/a><\/blockquote><script async src=\"https:\/\/platform.twitter.com\/widgets.js\" charset=\"utf-8\"><\/script>\n<\/div><\/figure>\n","protected":false},"excerpt":{"rendered":"<p>Predsjednik Odbora za pro\u0161irenje NATO-a iz Austrije, Ginter Felinger, uputio je o\u0161tro upozorenje Sjedinjenim Ameri\u010dkim Dr\u017eavama zbog planova o preuzimanju Grenlanda, zaprijetiv\u0161i potpunim protjerivanjem ameri\u010dke vojske s evropskog kontinenta. U video poruci koja se pro\u0161irila dru\u0161tvenim mre\u017eama, Felinger je poru\u010dio da \u0107e Evropa, ako SAD anektira Grenland, zaplijeniti svaku ameri\u010dku vojnu bazu.<\/p>","protected":false},"author":4,"featured_media":899248,"comment_status":"open","ping_status":"open","sticky":false,"template":"","format":"standard","meta":{"_acf_changed":false,"footnotes":"","jetpack_publicize_message":"","jetpack_publicize_feature_enabled":true,"jetpack_social_post_already_shared":false,"jetpack_social_options":{"image_generator_settings":{"template":"highway","default_image_id":0,"font":"","enabled":false},"version":2}},"categories":[14],"tags":[37,70,19,16880],"naslovna":[],"class_list":["post-899247","post","type-post","status-publish","format-standard","has-post-thumbnail","hentry","category-svijet","tag-austrija","tag-sad","tag-upozorenje","tag-uzimanje-grenlanda"],"acf":[],"jetpack_publicize_connections":[],"_links":{"self":[{"href":"https:\/\/gradski.me\/en\/wp-json\/wp\/v2\/posts\/899247","targetHints":{"allow":["GET"]}}],"collection":[{"href":"https:\/\/gradski.me\/en\/wp-json\/wp\/v2\/posts"}],"about":[{"href":"https:\/\/gradski.me\/en\/wp-json\/wp\/v2\/types\/post"}],"author":[{"embeddable":true,"href":"https:\/\/gradski.me\/en\/wp-json\/wp\/v2\/users\/4"}],"replies":[{"embeddable":true,"href":"https:\/\/gradski.me\/en\/wp-json\/wp\/v2\/comments?post=899247"}],"version-history":[{"count":0,"href":"https:\/\/gradski.me\/en\/wp-json\/wp\/v2\/posts\/899247\/revisions"}],"wp:featuredmedia":[{"embeddable":true,"href":"https:\/\/gradski.me\/en\/wp-json\/wp\/v2\/media\/899248"}],"wp:attachment":[{"href":"https:\/\/gradski.me\/en\/wp-json\/wp\/v2\/media?parent=899247"}],"wp:term":[{"taxonomy":"category","embeddable":true,"href":"https:\/\/gradski.me\/en\/wp-json\/wp\/v2\/categories?post=899247"},{"taxonomy":"post_tag","embeddable":true,"href":"https:\/\/gradski.me\/en\/wp-json\/wp\/v2\/tags?post=899247"},{"taxonomy":"naslovna","embeddable":true,"href":"https:\/\/gradski.me\/en\/wp-json\/wp\/v2\/naslovna?post=899247"}],"curies":[{"name":"wp","href":"https:\/\/api.w.org\/{rel}","templated":true}]}}