{"id":899242,"date":"2026-01-15T16:40:00","date_gmt":"2026-01-15T15:40:00","guid":{"rendered":"https:\/\/new.gradski.me\/uncategorized\/trampov-prijatelj-i-zet-opet-stizu-u-moskvu-stigla-reakcija-kremlja\/"},"modified":"2026-01-15T16:40:00","modified_gmt":"2026-01-15T15:40:00","slug":"trampov-prijatelj-i-zet-opet-stizu-u-moskvu-stigla-reakcija-kremlja","status":"publish","type":"post","link":"https:\/\/gradski.me\/en\/svijet\/trampov-prijatelj-i-zet-opet-stizu-u-moskvu-stigla-reakcija-kremlja\/","title":{"rendered":"Trampov prijatelj i zet opet sti\u017eu u Moskvu? Stigla reakcija Kremlja"},"content":{"rendered":"<p><\/p>\n\n\n\n<p>Ruska dr\u017eavna novinska agencija TASS danas je objavila da je portparol Kremlja Dmitrij Peskov rekao da se dijalog s ameri\u010dkom stranom nastavlja.\u00a0&#8222;\u010cim datumi budu dogovoreni, nadamo se da \u0107e do te posjete do\u0107i&#8220;, citirao je TASS Peskova.<\/p>\n\n\n\n<h3 class=\"wp-block-heading\">&#8222;Bilo je mnogo razgovora bez u\u010de\u0161\u0107a Rusije&#8220;<\/h3>\n\n\n\n<p>Dodao je da je va\u017eno da ruska strana tako\u0111e predstavi svoj stav na tim konsultacijama s obzirom na to da je bilo mnogo razgovora bez u\u010de\u0161\u0107a Rusije.<\/p>\n\n\n\n<p>Posebni izaslanik Vitkof i Ku\u0161ner, zet ameri\u010dkog predsjednika Donalda Trampa, po\u010detkom decembra su posjetili Moskvu radi razgovora s ruskim predsjednikom Vladimirom Putinom. Fokus rasprava je tada bio na ameri\u010dkom planu za okon\u010danje ruskog rata u Ukrajini, koji traje gotovo \u010detiri godine.<\/p>\n\n\n\n<p>Otada je odr\u017eano nekoliko sastanaka izme\u0111u ameri\u010dkih predstavnika, Ukrajine i Evropljana, uklju\u010duju\u0107i u Berlinu.\u00a0Moskva zasad ustraje u svojim maksimalisti\u010dkim zahtjevima, koji bi prakti\u010dki zna\u010dili pod\u010dinjavanje Ukrajine, pi\u0161e dpa.<\/p>","protected":false},"excerpt":{"rendered":"<p>Kremlj se nada da \u0107e ameri\u010dki pregovara\u010di Stiv Vitkof i D\u017eared Ku\u0161ner uskoro doputovati u Moskvu radi pregovora o okon\u010danju rata u Ukrajini, javlja danas njema\u010dka agencija dpa. Vitkof je, podsjetimo, blizak prijatelj ameri\u010dkog predsjednika Donalda Trampa, a D\u017eared Ku\u0161ner mu je zet.<\/p>","protected":false},"author":4,"featured_media":899243,"comment_status":"open","ping_status":"open","sticky":false,"template":"","format":"standard","meta":{"_acf_changed":false,"footnotes":"","jetpack_publicize_message":"","jetpack_publicize_feature_enabled":true,"jetpack_social_post_already_shared":false,"jetpack_social_options":{"image_generator_settings":{"template":"highway","default_image_id":0,"font":"","enabled":false},"version":2}},"categories":[14],"tags":[230,851,788,16877],"naslovna":[],"class_list":["post-899242","post","type-post","status-publish","format-standard","has-post-thumbnail","hentry","category-svijet","tag-donald-tramp","tag-kremlj","tag-moskva","tag-zet"],"acf":[],"jetpack_publicize_connections":[],"_links":{"self":[{"href":"https:\/\/gradski.me\/en\/wp-json\/wp\/v2\/posts\/899242","targetHints":{"allow":["GET"]}}],"collection":[{"href":"https:\/\/gradski.me\/en\/wp-json\/wp\/v2\/posts"}],"about":[{"href":"https:\/\/gradski.me\/en\/wp-json\/wp\/v2\/types\/post"}],"author":[{"embeddable":true,"href":"https:\/\/gradski.me\/en\/wp-json\/wp\/v2\/users\/4"}],"replies":[{"embeddable":true,"href":"https:\/\/gradski.me\/en\/wp-json\/wp\/v2\/comments?post=899242"}],"version-history":[{"count":0,"href":"https:\/\/gradski.me\/en\/wp-json\/wp\/v2\/posts\/899242\/revisions"}],"wp:featuredmedia":[{"embeddable":true,"href":"https:\/\/gradski.me\/en\/wp-json\/wp\/v2\/media\/899243"}],"wp:attachment":[{"href":"https:\/\/gradski.me\/en\/wp-json\/wp\/v2\/media?parent=899242"}],"wp:term":[{"taxonomy":"category","embeddable":true,"href":"https:\/\/gradski.me\/en\/wp-json\/wp\/v2\/categories?post=899242"},{"taxonomy":"post_tag","embeddable":true,"href":"https:\/\/gradski.me\/en\/wp-json\/wp\/v2\/tags?post=899242"},{"taxonomy":"naslovna","embeddable":true,"href":"https:\/\/gradski.me\/en\/wp-json\/wp\/v2\/naslovna?post=899242"}],"curies":[{"name":"wp","href":"https:\/\/api.w.org\/{rel}","templated":true}]}}