{"id":899199,"date":"2026-01-15T13:23:13","date_gmt":"2026-01-15T12:23:13","guid":{"rendered":"https:\/\/new.gradski.me\/uncategorized\/akcija-policije-uhapsene-tri-osobe-oduzeta-tri-vozila-marke-audi\/"},"modified":"2026-01-15T13:23:13","modified_gmt":"2026-01-15T12:23:13","slug":"akcija-policije-uhapsene-tri-osobe-oduzeta-tri-vozila-marke-audi","status":"publish","type":"post","link":"https:\/\/gradski.me\/en\/hronika\/akcija-policije-uhapsene-tri-osobe-oduzeta-tri-vozila-marke-audi\/","title":{"rendered":"Akcija policije: Uhap\u0161ene tri osobe, oduzeta tri vozila marke Audi"},"content":{"rendered":"<p><\/p>\n\n\n\n<p>&#8222;Radi daljih provjera privremeno oduzeta tri putni\u010dka motorna vozila&#8220;, navode iz policije.<\/p>\n\n\n\n<p>Policija je kontrolisala operativno interesantno lice A.K. (47). On je prilikom kontrole odbio testiranje na prisustvo psihoaktivnih supstanci u organizmu, nakon \u010dega je li\u0161en slobode i pred Sudom za prekr\u0161aje u Nik\u0161i\u0107u ka\u017enjen nov\u010danom kaznom u iznosu od 1.200 eura. Od A.K. je, radi daljih provjera, privremeno oduzeto vozilo marke Audi Q5.<\/p>\n\n\n\n<p>Iz policije saop\u0161tavaju da je uhap\u0161en L.O. (26), koji je odbio testiranje na prisustvo opojnih droga u organizmu, zbog \u010dega mu je na Sudu za prekr\u0161aje izre\u010dena nov\u010dana kazna u iznosu od 800 eura.<\/p>\n\n\n\n<p>Tako\u0111e, zbog vo\u017enje pod dejstvom alkohola, li\u0161en je slobode D.L. (36), i ka\u017enjen od strane suda nov\u010danom kaznom u iznosu od 300 eura.<\/p>\n\n\n\n<p>&#8222;U cilju sprovo\u0111enja daljih zakonskih provjera, policijski slu\u017ebenici su nakon izvr\u0161ene kontrole, od lica bliskog operativno interesantnim licima, R.\u0110. (27), kao i od lica D.B. (23), privremeno oduzeli dva vozila marke Audi A7 i Audi A8&#8220;, zaklju\u010duju iz policije.<\/p>\n\n\n\n<p><\/p>","protected":false},"excerpt":{"rendered":"<p>Policijski slu\u017ebenici Odjeljenja bezbjednosti Nik\u0161i\u0107 sino\u0107 su realizovali poja\u010dane aktivnosti usmjerene na u\u010desnike u saobra\u0107aju, u okviru kojih je sprovedena intenzivna kontrola radi otkrivanja i sankcionisanja prekr\u0161aja, sa posebnim akcentom na kontrolu operativno interesantnih i sa njima povezanih lica, tokom kojih su tri lica li\u0161ena slobode, saop\u0161teno je iz Uprave policije.<\/p>","protected":false},"author":4,"featured_media":899200,"comment_status":"open","ping_status":"open","sticky":false,"template":"","format":"standard","meta":{"_acf_changed":false,"footnotes":"","jetpack_publicize_message":"","jetpack_publicize_feature_enabled":true,"jetpack_social_post_already_shared":false,"jetpack_social_options":{"image_generator_settings":{"template":"highway","default_image_id":0,"font":"","enabled":false},"version":2}},"categories":[10],"tags":[188,258,4116,28,109],"naslovna":[],"class_list":["post-899199","post","type-post","status-publish","format-standard","has-post-thumbnail","hentry","category-hronika","tag-crna-gora","tag-niksic","tag-oil","tag-podgorica","tag-uprava-policije"],"acf":[],"jetpack_publicize_connections":[],"_links":{"self":[{"href":"https:\/\/gradski.me\/en\/wp-json\/wp\/v2\/posts\/899199","targetHints":{"allow":["GET"]}}],"collection":[{"href":"https:\/\/gradski.me\/en\/wp-json\/wp\/v2\/posts"}],"about":[{"href":"https:\/\/gradski.me\/en\/wp-json\/wp\/v2\/types\/post"}],"author":[{"embeddable":true,"href":"https:\/\/gradski.me\/en\/wp-json\/wp\/v2\/users\/4"}],"replies":[{"embeddable":true,"href":"https:\/\/gradski.me\/en\/wp-json\/wp\/v2\/comments?post=899199"}],"version-history":[{"count":0,"href":"https:\/\/gradski.me\/en\/wp-json\/wp\/v2\/posts\/899199\/revisions"}],"wp:featuredmedia":[{"embeddable":true,"href":"https:\/\/gradski.me\/en\/wp-json\/wp\/v2\/media\/899200"}],"wp:attachment":[{"href":"https:\/\/gradski.me\/en\/wp-json\/wp\/v2\/media?parent=899199"}],"wp:term":[{"taxonomy":"category","embeddable":true,"href":"https:\/\/gradski.me\/en\/wp-json\/wp\/v2\/categories?post=899199"},{"taxonomy":"post_tag","embeddable":true,"href":"https:\/\/gradski.me\/en\/wp-json\/wp\/v2\/tags?post=899199"},{"taxonomy":"naslovna","embeddable":true,"href":"https:\/\/gradski.me\/en\/wp-json\/wp\/v2\/naslovna?post=899199"}],"curies":[{"name":"wp","href":"https:\/\/api.w.org\/{rel}","templated":true}]}}