{"id":899192,"date":"2026-01-15T13:45:00","date_gmt":"2026-01-15T12:45:00","guid":{"rendered":"https:\/\/new.gradski.me\/uncategorized\/yugo-florida-od-17-januara-u-bioskopima\/"},"modified":"2026-01-15T13:45:00","modified_gmt":"2026-01-15T12:45:00","slug":"yugo-florida-od-17-januara-u-bioskopima","status":"publish","type":"post","link":"https:\/\/gradski.me\/en\/kultura\/yugo-florida-od-17-januara-u-bioskopima\/","title":{"rendered":"&#8222;Yugo Florida od 17. januara u bioskopima"},"content":{"rendered":"<p><\/p>\n\n\n\n<p>\u201eYugo Florida\u201c je crnogorska koprodukcija, a u pitanju je film \u010dije ti\u0161ine govore toliko glasno da pokre\u0107u rolerkostere ugu\u0161enih strahova, patnje i emocija. To je tiho, ali sna\u017eno filmsko iskustvo koje se ne name\u0107e, ve\u0107 ostaje dugo nakon \u0161to se svjetla u bioskopskoj sali ugase.<\/p>\n\n\n\n<p>&#8222;U sredi\u0161tu pri\u010de je usamljeni Zoran, koga tuma\u010di Andrija Kuzmanovi\u0107, \u010dovjek \u010diji je posao gotovo apsurdan: u re\u017eiji rijaliti programa posmatra u\u010desnike dok spavaju. Njegovu jednoli\u010dnu svakodnevicu naru\u0161avaju iznenadne \u017eivotne okolnosti koje ga ponovo povezuju sa otu\u0111enim ocem i vode na emotivno, mo\u017eda i posljednje, zajedni\u010dko putovanje. To putovanje nije samo prostorno, ve\u0107 duboko unutra\u0161nje \u2014 suo\u010davanje sa ti\u0161inama koje su predugo trajale i rije\u010dima koje nikada nijesu izgovorene&#8220;, obja\u0161njena je radnja filma.<\/p>\n\n\n\n<p>Bioskopski \u017eivot filma u Crnoj Gori zapo\u010dinje 17. januara u Tivtu, gdje \u0107e film biti prikazivan 17. i 18. januara. Ve\u0107 20. i 21. januara \u201eYugo Florida\u201c sti\u017ee pred publiku u Beranama, Mojkovcu i Bijelom Polju, dok se projekcije 22. januara nastavljaju u Danilovgradu, Plu\u017einama, \u017dabljaku i Kotoru. Film \u0107e 23. januara biti prikazan u Nik\u0161i\u0107u (Nik\u0161i\u0107ko pozori\u0161te), a u Kotoru \u0107e se zadr\u017eati i narednih dana \u2014 23, 24. i 26. januara u ve\u010dernjim terminima, uz dodatnu projekciju 27. januara u ranijem terminu. Film \u0107e 28. januara biti prikazan u Zeti, dok \u0107e publika u Nik\u0161i\u0107u \u201eYugo Floridu\u201c mo\u0107i da pogleda i u bioskopu Cinema 213 u periodu od 22. do 28. januara. Podgori\u010dki Cineplexx uvr\u0161tava film na svoj repertoar od 22. januara. Istovremeno, Tagi\u0107evo ostvarenje bi\u0107e prikazivano u novootvorenom bioskopu u Porto Montenegru &#8211; Cinegrand Epic. Projekcije se nastavljaju 2. i 3. februara u Herceg Novom.<\/p>\n\n\n\n<p>Film je ve\u0107 osvojio publiku i kritiku \u0161irom regiona, nakon zapa\u017eenih prikazivanja na Sarajevo Film Festival i Filmski festival Herceg Novi, gdje je Andrija Kuzmanovi\u0107 nagra\u0111en presti\u017enim priznanjima \u201eSrce Sarajeva\u201c i \u201eZlatna mimoza\u201c, dok je Vladimir Tagi\u0107 ponio nagradu za najboljeg reditelja debitanta na 10. izdanju D\u017eada Film Fest.<\/p>\n\n\n\n<p>Publika i kritika prepoznali su emotivnu snagu i autenti\u010dnost Tagi\u0107evog debitantskog filma, koji na suptilan i nenametljiv na\u010din spaja generacijske razlike, ti\u0161ine i neizgovorene emocije. Rije\u010d je o toploj pri\u010di, pro\u017eetoj suvim humorom, o generaciji koja je odrastala devedesetih godina i danas se suo\u010dava sa svijetom u kojem su bliskost, strpljenje i razumijevanje postali rijetke vrijednosti.<\/p>\n\n\n\n<p>Reditelj Vladimir Tagi\u0107, poznat po serijama \u201eJutro \u0107e promijeniti sve\u201c, \u201eDeca zla\u201c i \u201eSablja\u201c, isti\u010de da je ovo pri\u010da koja je dugo \u017eivjela u njemu i da mu je bilo va\u017eno da je ispri\u010da bez patetike \u2014 sa ti\u0161inom izme\u0111u re\u010denica. Upravo u toj ti\u0161ini \u201eYugo Florida\u201c pronalazi svoju najdublju emotivnu rezonancu.<\/p>\n\n\n\n<p>Gluma\u010dko ostvarenje Andrije Kuzmanovi\u0107a, za koje je pro\u0161ao kroz vidljivu fizi\u010dku i psiholo\u0161ku transformaciju, jedno je od njegovih najintenzivnijih do sada. Nakon osvajanja priznanja, istakao je da su ga ovacije u Sarajevu duboko potresle i da mu je ovo ostvarenje jedno od li\u010dno najva\u017enijih u dosada\u0161njoj karijeri.<\/p>\n\n\n\n<p>\u201eYugo Florida\u201c je me\u0111unarodna koprodukcija Srbije (Sense Production), Bugarske (Contrast Films), Francuske (La Belle Affaire), Hrvatske (Eclectica) i Crne Gore (Adriatic Western), realizovana uz podr\u0161ku programa Kreativna Evropa MEDIA i fonda Eurimages.<\/p>\n\n\n\n<p>Mre\u017ea kinoprikaziva\u010da Crne Gore poziva publiku da sebi dozvoli ti\u0161inu \u2014 onu koja boli, ali i iscjeljuje \u2014 i da \u201eYugo Florida\u201c do\u017eivi tamo gdje joj i pripada: u mraku bioskopske sale, me\u0111u zajedni\u010dkim uzdasima i pre\u0107utnim razumijevanjem.<\/p>","protected":false},"excerpt":{"rendered":"<p>Mre\u017ea kinoprikaziva\u010da Crne Gore sa posebnim ponosom najavljuje po\u010detak bioskopske distribucije filma Yugo Florida, dugometra\u017enog debitantskog ostvarenja reditelja Vladimira Tagi\u0107a, koji u crnogorske bioskope sti\u017ee 17. januara 2026. godine, dok \u0107e od 22. januara biti na repertoaru podgori\u010dkog Cineplexxa.<\/p>","protected":false},"author":4,"featured_media":899193,"comment_status":"open","ping_status":"open","sticky":false,"template":"","format":"standard","meta":{"_acf_changed":false,"footnotes":"","jetpack_publicize_message":"","jetpack_publicize_feature_enabled":true,"jetpack_social_post_already_shared":false,"jetpack_social_options":{"image_generator_settings":{"template":"highway","default_image_id":0,"font":"","enabled":false},"version":2}},"categories":[11],"tags":[14043,188,1153],"naslovna":[],"class_list":["post-899192","post","type-post","status-publish","format-standard","has-post-thumbnail","hentry","category-kultura","tag-bioskop","tag-crna-gora","tag-film"],"acf":[],"jetpack_publicize_connections":[],"_links":{"self":[{"href":"https:\/\/gradski.me\/en\/wp-json\/wp\/v2\/posts\/899192","targetHints":{"allow":["GET"]}}],"collection":[{"href":"https:\/\/gradski.me\/en\/wp-json\/wp\/v2\/posts"}],"about":[{"href":"https:\/\/gradski.me\/en\/wp-json\/wp\/v2\/types\/post"}],"author":[{"embeddable":true,"href":"https:\/\/gradski.me\/en\/wp-json\/wp\/v2\/users\/4"}],"replies":[{"embeddable":true,"href":"https:\/\/gradski.me\/en\/wp-json\/wp\/v2\/comments?post=899192"}],"version-history":[{"count":0,"href":"https:\/\/gradski.me\/en\/wp-json\/wp\/v2\/posts\/899192\/revisions"}],"wp:featuredmedia":[{"embeddable":true,"href":"https:\/\/gradski.me\/en\/wp-json\/wp\/v2\/media\/899193"}],"wp:attachment":[{"href":"https:\/\/gradski.me\/en\/wp-json\/wp\/v2\/media?parent=899192"}],"wp:term":[{"taxonomy":"category","embeddable":true,"href":"https:\/\/gradski.me\/en\/wp-json\/wp\/v2\/categories?post=899192"},{"taxonomy":"post_tag","embeddable":true,"href":"https:\/\/gradski.me\/en\/wp-json\/wp\/v2\/tags?post=899192"},{"taxonomy":"naslovna","embeddable":true,"href":"https:\/\/gradski.me\/en\/wp-json\/wp\/v2\/naslovna?post=899192"}],"curies":[{"name":"wp","href":"https:\/\/api.w.org\/{rel}","templated":true}]}}