{"id":899186,"date":"2026-01-15T12:41:00","date_gmt":"2026-01-15T11:41:00","guid":{"rendered":"https:\/\/new.gradski.me\/uncategorized\/na-gp-kula-privremeno-oduzet-automobil-koji-potrazuje-interpol-francuske\/"},"modified":"2026-01-15T12:41:00","modified_gmt":"2026-01-15T11:41:00","slug":"na-gp-kula-privremeno-oduzet-automobil-koji-potrazuje-interpol-francuske","status":"publish","type":"post","link":"https:\/\/gradski.me\/en\/hronika\/na-gp-kula-privremeno-oduzet-automobil-koji-potrazuje-interpol-francuske\/","title":{"rendered":"Na GP Kula privremeno oduzet automobil koji potra\u017euje Interpol Francuske"},"content":{"rendered":"<p><\/p>\n\n\n\n<p>Naime, slu\u017ebenici Stanice grani\u010dne policije Ro\u017eaje su na GP Kula izvr\u0161ili grani\u010dnu provjeru A.N.<\/p>\n\n\n\n<p>\u201cOd njega je nakon provjere, privremeno oduzet automobil marke Citroen C5 Aircross, za koji je utvr\u0111eno da se potra\u017euje od strane NCB Interpola Francuske\u201d, navodi se u objavi policije na mre\u017ei X.<\/p>\n\n\n\n<figure class=\"wp-block-embed is-type-rich is-provider-twitter wp-block-embed-twitter\"><div class=\"wp-block-embed__wrapper\">\n<blockquote class=\"twitter-tweet\" data-width=\"550\" data-dnt=\"true\"><p lang=\"und\" dir=\"ltr\">\ud83d\udc6e\u200d\u2642\ufe0fSlu\u017ebenici Stanice grani\u010dne <a href=\"https:\/\/twitter.com\/PolicijaCG?ref_src=twsrc%5Etfw\" target=\"_blank\" rel=\"noopener\">@The police.<\/a> Ro\u017eaje su na GP Kula izvr\u0161ili grani\u010dnu provjeru lica A.N. iz \ud83c\uddfd\ud83c\uddf0.<br><br>\ud83d\udd0dOd njega je nakon provjere, privremeno oduzeto \ud83d\ude98marke Citroen C5 Aircross, za koje je utvr\u0111eno da se potra\u017euje od strane NCB Interpola \ud83c\uddeb\ud83c\uddf7. <a href=\"https:\/\/t.co\/zOQ8av2dfc\">pic.twitter.com\/zOQ8av2dfc<\/a><\/p>- Directorate of police of Montenegro (@PolicijaCG) <a href=\"https:\/\/twitter.com\/PolicijaCG\/status\/2011764643535200304?ref_src=twsrc%5Etfw\" target=\"_blank\" rel=\"noopener\">January 15, 2026<\/a><\/blockquote><script async src=\"https:\/\/platform.twitter.com\/widgets.js\" charset=\"utf-8\"><\/script>\n<\/div><\/figure>","protected":false},"excerpt":{"rendered":"<p>Dr\u017eavljaninu Kosova A.N. privremeno je oduzet automobil koji potra\u017euje Interpol Francuske, saop\u0161tila je Uprava policije.<\/p>","protected":false},"author":4,"featured_media":899187,"comment_status":"open","ping_status":"open","sticky":false,"template":"","format":"standard","meta":{"_acf_changed":false,"footnotes":"","jetpack_publicize_message":"","jetpack_publicize_feature_enabled":true,"jetpack_social_post_already_shared":false,"jetpack_social_options":{"image_generator_settings":{"template":"highway","default_image_id":0,"font":"","enabled":false},"version":2}},"categories":[10],"tags":[16851,16852],"naslovna":[],"class_list":["post-899186","post","type-post","status-publish","format-standard","has-post-thumbnail","hentry","category-hronika","tag-gp-kula","tag-interpol-francuske"],"acf":[],"jetpack_publicize_connections":[],"_links":{"self":[{"href":"https:\/\/gradski.me\/en\/wp-json\/wp\/v2\/posts\/899186","targetHints":{"allow":["GET"]}}],"collection":[{"href":"https:\/\/gradski.me\/en\/wp-json\/wp\/v2\/posts"}],"about":[{"href":"https:\/\/gradski.me\/en\/wp-json\/wp\/v2\/types\/post"}],"author":[{"embeddable":true,"href":"https:\/\/gradski.me\/en\/wp-json\/wp\/v2\/users\/4"}],"replies":[{"embeddable":true,"href":"https:\/\/gradski.me\/en\/wp-json\/wp\/v2\/comments?post=899186"}],"version-history":[{"count":0,"href":"https:\/\/gradski.me\/en\/wp-json\/wp\/v2\/posts\/899186\/revisions"}],"wp:featuredmedia":[{"embeddable":true,"href":"https:\/\/gradski.me\/en\/wp-json\/wp\/v2\/media\/899187"}],"wp:attachment":[{"href":"https:\/\/gradski.me\/en\/wp-json\/wp\/v2\/media?parent=899186"}],"wp:term":[{"taxonomy":"category","embeddable":true,"href":"https:\/\/gradski.me\/en\/wp-json\/wp\/v2\/categories?post=899186"},{"taxonomy":"post_tag","embeddable":true,"href":"https:\/\/gradski.me\/en\/wp-json\/wp\/v2\/tags?post=899186"},{"taxonomy":"naslovna","embeddable":true,"href":"https:\/\/gradski.me\/en\/wp-json\/wp\/v2\/naslovna?post=899186"}],"curies":[{"name":"wp","href":"https:\/\/api.w.org\/{rel}","templated":true}]}}