{"id":899172,"date":"2026-01-15T12:53:00","date_gmt":"2026-01-15T11:53:00","guid":{"rendered":"https:\/\/new.gradski.me\/uncategorized\/nudio-jedan-a-poklonice-dva-placa-na-maloj-crnoj-gori\/"},"modified":"2026-01-15T12:53:00","modified_gmt":"2026-01-15T11:53:00","slug":"nudio-jedan-a-poklonice-dva-placa-na-maloj-crnoj-gori","status":"publish","type":"post","link":"https:\/\/gradski.me\/en\/drustvo\/nudio-jedan-a-poklonice-dva-placa-na-maloj-crnoj-gori\/","title":{"rendered":"Nudio jedan, a pokloni\u0107e dva placa na Maloj Crnoj Gori"},"content":{"rendered":"<p><\/p>\n\n\n\n<p>Njegov nesvakida\u0161nji gest izazvao je veliko interesovanje. Ka\u017ee Milorad da od ju\u010de, nakon objave te vijesti na Portalu Radio i Televizije Crne Gore, ne prestaje telefon da mu zvoni i sti\u017eu poruke, ali dvije su, ka\u017ee, djelovale posebno iskrene i ozbiljne.<\/p>\n\n\n\n<p>\u201eImam 35 godina. Vratio sam se iz Amerike sa suprugom i troje djece i imamo veliku \u017eelju da \u017eivimo na selu i podi\u017eemo doma\u0107instvo. Trenutno sam u potrazi za kupovinom placa na sjeveru Crne Gore. Imamo ku\u0107u u Podgorici, ali i ja i supruga smo donijeli odluku da \u017eivimo na selu i ve\u010deras, kad mi je sestra proslijedila post odakle sam saznao za Vas, odlu\u010dio sam da Vam po\u0161aljem poruku. Ne tra\u017eimo na poklon, voljni smo i da platimo. \u017delimo uzgajati zdravu hranu, baviti se sto\u010darstvom i poljoprivredom, a djecu odgajati na \u010distom vazduhu i zdravoj sredini\u201c, sadr\u017eaj je prve poruke koja je Milorada, ka\u017ee, odu\u0161evila.<\/p>\n\n\n\n<p>Sli\u010dna je i bila druga, u kojoj tridesetrogodi\u0161njak iz Podgorice, sa suprugom i troje djece, tako\u0111e s velikom \u017eeljom i interesovanjem pri\u010da o \u017eivotu na selu i podizanju djece na ruralnom podru\u010dju.<\/p>\n\n\n\n<p>\u201eCilj mi je da djecu za\u0161titim od sistema, da ih nau\u010dim da stvaraju, rade i privre\u0111uju. Tako\u0111e, tamo bih dr\u017eao stoku, imam ideju da kupim 50 koza, ovaca i nekoliko konja, da napravim drvenu brvnaru i jednostavno \u017eivimo gore. Ja sam i proizvo\u0111a\u010d piva i tamo bih izgradio jednu malu proizvodnju. Javljam se jer je ovo za mene \u017eivotna prilika. Moji su prodali svu \u0111edovinu i za mene bi ovo bilo ostvarenje \u017eivotnog sna, da imam zemlju na kojoj bih mogao da radim i stvaram\u201c, navodi se u drugoj poruci, zbog koje se Milorad na\u0161ao, kako ka\u017ee, pomalo i na muci \u2013 kome dati prednost.<a href=\"https:\/\/rtcg.me\/vijesti\/drustvo\/800212\/zabljacanin-poklanja-15000-kvadrata-na-maloj-crnoj-gori.html\" target=\"_blank\" rel=\"noopener\"><\/a><\/p>\n\n\n\n<p>Ali, nije dugo razmi\u0161ljao, ve\u0107 odlu\u010dio da i jednom i drugom pokloni po 15.000 kvadrata.<\/p>\n\n\n\n<p>\u201eMislim da je tako jedino po\u0161teno i ispravno. Ovo za nas mnogo zna\u010di, otvara brojne mogu\u0107nosti. Ostaje sad da se sretne, razgovaramo i pravno reguli\u0161emo pojedine obaveze. Prezadovoljan sam kako je sve krenulo, nadam se da \u0107e ova ideja stvarno za\u017eivjeti\u201c, optimisti\u010dno zaklju\u010duje Milorad.<\/p>\n\n\n\n<p>Dodaje i da mu se danas javio Nik\u0161i\u0107anin, odu\u0161evljen njegovim gestom, spreman da doprinese nesvakida\u0161njoj ideji i pomogne u opremanju budu\u0107e ku\u0107e namje\u0161tajem i potrebnim poku\u0107stvom.<\/p>\n\n\n\n<p>Podsjetimo, Milorad je na ideju da pokloni zemlju mladom bra\u010dnom paru sa \u017eeljom da selo \u017eivi i razvija se. On se sa suprugom Irinom, Ukrajinkom, vratio u Malu Crnu Goru prije \u0161est godina, a od jesena je, i nakon 25 godina, ponovo otvorena seoska \u0161kola koju poha\u0111a njegova sedmogodi\u0161nja \u0107erka Monika.<\/p>","protected":false},"excerpt":{"rendered":"<p>Nijesu pro\u0161la ni 24 sata, a ideja Milorada Daki\u0107a sa Male Crne Gore, da pokloni hektar i po zemlje mladom bra\u010dnom paru sa djecom, skoro da se ostvarila.<\/p>","protected":false},"author":4,"featured_media":899173,"comment_status":"open","ping_status":"open","sticky":false,"template":"","format":"standard","meta":{"_acf_changed":false,"footnotes":"","jetpack_publicize_message":"","jetpack_publicize_feature_enabled":true,"jetpack_social_post_already_shared":false,"jetpack_social_options":{"image_generator_settings":{"template":"highway","default_image_id":0,"font":"","enabled":false},"version":2}},"categories":[9],"tags":[2295,16843,16844],"naslovna":[],"class_list":["post-899172","post","type-post","status-publish","format-standard","has-post-thumbnail","hentry","category-drustvo","tag-amerika","tag-mala-crna-gora","tag-plac"],"acf":[],"jetpack_publicize_connections":[],"_links":{"self":[{"href":"https:\/\/gradski.me\/en\/wp-json\/wp\/v2\/posts\/899172","targetHints":{"allow":["GET"]}}],"collection":[{"href":"https:\/\/gradski.me\/en\/wp-json\/wp\/v2\/posts"}],"about":[{"href":"https:\/\/gradski.me\/en\/wp-json\/wp\/v2\/types\/post"}],"author":[{"embeddable":true,"href":"https:\/\/gradski.me\/en\/wp-json\/wp\/v2\/users\/4"}],"replies":[{"embeddable":true,"href":"https:\/\/gradski.me\/en\/wp-json\/wp\/v2\/comments?post=899172"}],"version-history":[{"count":0,"href":"https:\/\/gradski.me\/en\/wp-json\/wp\/v2\/posts\/899172\/revisions"}],"wp:featuredmedia":[{"embeddable":true,"href":"https:\/\/gradski.me\/en\/wp-json\/wp\/v2\/media\/899173"}],"wp:attachment":[{"href":"https:\/\/gradski.me\/en\/wp-json\/wp\/v2\/media?parent=899172"}],"wp:term":[{"taxonomy":"category","embeddable":true,"href":"https:\/\/gradski.me\/en\/wp-json\/wp\/v2\/categories?post=899172"},{"taxonomy":"post_tag","embeddable":true,"href":"https:\/\/gradski.me\/en\/wp-json\/wp\/v2\/tags?post=899172"},{"taxonomy":"naslovna","embeddable":true,"href":"https:\/\/gradski.me\/en\/wp-json\/wp\/v2\/naslovna?post=899172"}],"curies":[{"name":"wp","href":"https:\/\/api.w.org\/{rel}","templated":true}]}}