{"id":899122,"date":"2026-01-15T08:12:00","date_gmt":"2026-01-15T07:12:00","guid":{"rendered":"https:\/\/new.gradski.me\/uncategorized\/na-zabljaku-38-centimetara-snijega\/"},"modified":"2026-01-15T08:12:00","modified_gmt":"2026-01-15T07:12:00","slug":"na-zabljaku-38-centimetara-snijega","status":"publish","type":"post","link":"https:\/\/gradski.me\/en\/drustvo\/na-zabljaku-38-centimetara-snijega\/","title":{"rendered":"Na \u017dabljaku 38 centimetara snijega"},"content":{"rendered":"<p><\/p>\n\n\n\n<p>U Ro\u017eajama je izmjereno 26 cm snijega, Kola\u0161inu 21, Andrijevici i Beranama po 16, a u Gusinju 14 centimetara.<\/p>\n\n\n\n<p>Visina snije\u017enog pokriva\u010da u \u0160avniku je deset cm, Plu\u017einama pet i na Cetinju tri cm.<\/p>\n\n\n\n<p><\/p>","protected":false},"excerpt":{"rendered":"<p>U Crnoj Gori jutros je najvi\u0161e snijega izmjereno na \u017dabljaku, 38 centimetara, pokazuju podaci objavljeni na sajtu Zavoda za hidrometeorologiju i seizmologiju.<\/p>","protected":false},"author":4,"featured_media":898471,"comment_status":"open","ping_status":"open","sticky":false,"template":"","format":"standard","meta":{"_acf_changed":false,"footnotes":"","jetpack_publicize_message":"","jetpack_publicize_feature_enabled":true,"jetpack_social_post_already_shared":false,"jetpack_social_options":{"image_generator_settings":{"template":"highway","default_image_id":0,"font":"","enabled":false},"version":2}},"categories":[9],"tags":[7162,53,955,1133,748,629],"naslovna":[],"class_list":["post-899122","post","type-post","status-publish","format-standard","has-post-thumbnail","hentry","category-drustvo","tag-andrijevica","tag-berane","tag-gusinje","tag-kolasin","tag-snijeg","tag-zabljak"],"acf":[],"jetpack_publicize_connections":[],"_links":{"self":[{"href":"https:\/\/gradski.me\/en\/wp-json\/wp\/v2\/posts\/899122","targetHints":{"allow":["GET"]}}],"collection":[{"href":"https:\/\/gradski.me\/en\/wp-json\/wp\/v2\/posts"}],"about":[{"href":"https:\/\/gradski.me\/en\/wp-json\/wp\/v2\/types\/post"}],"author":[{"embeddable":true,"href":"https:\/\/gradski.me\/en\/wp-json\/wp\/v2\/users\/4"}],"replies":[{"embeddable":true,"href":"https:\/\/gradski.me\/en\/wp-json\/wp\/v2\/comments?post=899122"}],"version-history":[{"count":0,"href":"https:\/\/gradski.me\/en\/wp-json\/wp\/v2\/posts\/899122\/revisions"}],"wp:featuredmedia":[{"embeddable":true,"href":"https:\/\/gradski.me\/en\/wp-json\/wp\/v2\/media\/898471"}],"wp:attachment":[{"href":"https:\/\/gradski.me\/en\/wp-json\/wp\/v2\/media?parent=899122"}],"wp:term":[{"taxonomy":"category","embeddable":true,"href":"https:\/\/gradski.me\/en\/wp-json\/wp\/v2\/categories?post=899122"},{"taxonomy":"post_tag","embeddable":true,"href":"https:\/\/gradski.me\/en\/wp-json\/wp\/v2\/tags?post=899122"},{"taxonomy":"naslovna","embeddable":true,"href":"https:\/\/gradski.me\/en\/wp-json\/wp\/v2\/naslovna?post=899122"}],"curies":[{"name":"wp","href":"https:\/\/api.w.org\/{rel}","templated":true}]}}