{"id":899086,"date":"2026-01-14T20:05:00","date_gmt":"2026-01-14T19:05:00","guid":{"rendered":"https:\/\/new.gradski.me\/uncategorized\/zakelj-igraci-su-dobro-reagovali-u-drugom-poluvremenu\/"},"modified":"2026-01-14T20:05:00","modified_gmt":"2026-01-14T19:05:00","slug":"zakelj-igraci-su-dobro-reagovali-u-drugom-poluvremenu","status":"publish","type":"post","link":"https:\/\/gradski.me\/en\/sport\/zakelj-igraci-su-dobro-reagovali-u-drugom-poluvremenu\/","title":{"rendered":"\u017dakelj: Igra\u010di su dobro reagovali u drugom poluvremenu"},"content":{"rendered":"<p>&#8222;Plavi&#8220; su se mu\u010dili u prvom poluvremenu, primili \u010dak 51 poen, dozvolili rivalu da igra svoju igru, a onda su se probudili u nastavku, zategli odbrana, pogodili 10 trojki i opravdali ulogu favorita.<\/p>\n\n\n\n<p>&#8222;Mislim da je bila vrlo te\u0161ka utakmica. Znali smo da Litkabelis igra mnogo bolje nego ranije. Igrali su \u010dvrstu ko\u0161arku, ako ne uzvrati\u0161 isto, onda ima\u0161 problem, \u0161to smo imali u prvom poluvremenu. Poslije razgovora u svla\u010dionici igra\u010di su reagovali. Dobili smo na kraju i skok i to je negdje odlu\u010dilo me\u010d&#8220;, kazao je trener Budu\u0107nosti, Andrej \u017dakelj nakon me\u010da, a onda se osvrnuo na povrede:<\/p>\n\n\n\n<p>&#8222;Uz sve povrede, Megi je probao, vidje\u0107emo \u0161ta \u0107e biti. Moramo da se regeneri\u0161emo. Morgan tako\u0111e nije mogao ve\u010deras da pomogne,  Nikoli\u0107 \u0107e biti du\u017ee van terena. Vidje\u0107emo \u0161ta \u0107e biti sa Megijem. Zna\u0107emo detaljnije sjutra&#8220;, poru\u010dio je slovena\u010dki stru\u010dnjak. <\/p>\n\n\n\n<p>Budu\u0107nost u narednom kolu, 21. januara gostuje Be\u0161ikta\u0161u. <\/p>\n\n\n\n<figure class=\"wp-block-embed is-type-wp-embed is-provider-gradski-portal wp-block-embed-gradski-portal\"><div class=\"wp-block-embed__wrapper\">\nhttps:\/\/gradski.me\/buducnost-u-nastavku-trojkama-srusila-litkabelis-u-moraci-za-deveti-trijumf\/\n<\/div><\/figure>","protected":false},"excerpt":{"rendered":"<p>Budu\u0107nost Voli je upisala devetu pobjedu u Evrokupu, sedmu u nizu na svom parketu, po\u0161to je ve\u010deras bila bolja od Litkabelisa (95:81) u okviru 14. runde.<\/p>","protected":false},"author":7,"featured_media":899087,"comment_status":"open","ping_status":"open","sticky":false,"template":"","format":"standard","meta":{"_acf_changed":false,"footnotes":"","jetpack_publicize_message":"","jetpack_publicize_feature_enabled":true,"jetpack_social_post_already_shared":false,"jetpack_social_options":{"image_generator_settings":{"template":"highway","default_image_id":0,"font":"","enabled":false},"version":2}},"categories":[15],"tags":[9074,7928,1421,16699],"naslovna":[],"class_list":["post-899086","post","type-post","status-publish","format-standard","has-post-thumbnail","hentry","category-sport","tag-andrej-zakelj","tag-evrokup","tag-kk-buducnost-voli","tag-litkabelis"],"acf":[],"jetpack_publicize_connections":[],"_links":{"self":[{"href":"https:\/\/gradski.me\/en\/wp-json\/wp\/v2\/posts\/899086","targetHints":{"allow":["GET"]}}],"collection":[{"href":"https:\/\/gradski.me\/en\/wp-json\/wp\/v2\/posts"}],"about":[{"href":"https:\/\/gradski.me\/en\/wp-json\/wp\/v2\/types\/post"}],"author":[{"embeddable":true,"href":"https:\/\/gradski.me\/en\/wp-json\/wp\/v2\/users\/7"}],"replies":[{"embeddable":true,"href":"https:\/\/gradski.me\/en\/wp-json\/wp\/v2\/comments?post=899086"}],"version-history":[{"count":0,"href":"https:\/\/gradski.me\/en\/wp-json\/wp\/v2\/posts\/899086\/revisions"}],"wp:featuredmedia":[{"embeddable":true,"href":"https:\/\/gradski.me\/en\/wp-json\/wp\/v2\/media\/899087"}],"wp:attachment":[{"href":"https:\/\/gradski.me\/en\/wp-json\/wp\/v2\/media?parent=899086"}],"wp:term":[{"taxonomy":"category","embeddable":true,"href":"https:\/\/gradski.me\/en\/wp-json\/wp\/v2\/categories?post=899086"},{"taxonomy":"post_tag","embeddable":true,"href":"https:\/\/gradski.me\/en\/wp-json\/wp\/v2\/tags?post=899086"},{"taxonomy":"naslovna","embeddable":true,"href":"https:\/\/gradski.me\/en\/wp-json\/wp\/v2\/naslovna?post=899086"}],"curies":[{"name":"wp","href":"https:\/\/api.w.org\/{rel}","templated":true}]}}