{"id":899032,"date":"2026-01-14T17:57:01","date_gmt":"2026-01-14T16:57:01","guid":{"rendered":"https:\/\/new.gradski.me\/uncategorized\/jurili-vuka-uhvatili-haskija\/"},"modified":"2026-01-14T17:57:01","modified_gmt":"2026-01-14T16:57:01","slug":"jurili-vuka-uhvatili-haskija","status":"publish","type":"post","link":"https:\/\/gradski.me\/en\/drustvo\/jurili-vuka-uhvatili-haskija\/","title":{"rendered":"Jurili vuka, uhvatili haskija"},"content":{"rendered":"<p>&#8222;Kao \u0161to smo bili u prilici da vidimo, kru\u017eile su slike i snimci po dru\u0161tvenim mre\u017eama, zabrinutih gra\u0111ana da je u pitanju vuk koji je kru\u017eio po Bloku 9. Me\u0111utim ispostavilo se da ipak nije u pitanju ova divlja \u017eivotinja, ve\u0107 jedan vlasni\u010dki pas, rase haski&#8220;, saop\u0161tila je za na\u0161u televiziju direktorka azila, Ma\u0161a Jovanovi\u0107.<\/p>\n\n\n\n<p>Isti\u010de da se vlasnik u me\u0111uvremenu javio, ali da pas nije \u010dipovan pa samim tim nije mogu\u0107e utvrditi vlasni\u0161tvo i poziva sve vlasnike pasa da \u010dipuju svoje ljubimce, kako ne bismo dolazili u ove situacije, gdje se \u0161iri panika me\u0111u gra\u0111anima.<\/p>\n\n\n\n<p>&#8222;Nadle\u017ene institucije, &#8222;Komunalna policija&#8220; i &#8222;Komunalna inspekcija&#8220;, koje su zadu\u017eene za sve \u017eivotinje koje se nalaze na javnoj povr\u0161ini i treba da izdaju naloge i reaguju u ovim situacijama. \u0160to se ti\u010de ovoga slu\u010daja kolege su iza\u0161le na teren, a meni se javila jedna zabrinuta gra\u0111anka, i ja sam ih poslala da iza\u0111u na teren kako bi se sprije\u010dila i smanjila na najmanju mogu\u0107u mjeru panika me\u0111u ljudima&#8220;, kazala nam je Jovanovi\u0107.<\/p>\n\n\n\n<p>Dodaje da je ve\u0107ina stanovni\u0161tva mislila da je to vuk, kao i da postoji osoba koja u tom dijelu grada dr\u017ei divlje \u017eivotinje i nada se da \u0107e nadle\u017ene slu\u017ebe reagovati i na to.<\/p>\n\n\n\n<p>Podsjetimo, gra\u0111anski aktivista Aleksandar Dragi\u0107evi\u0107 objavio je na dru\u0161tvenim mre\u017eama da je u podgori\u010dkom naselju Tolo\u0161i odbjegao mje\u0161anac vuka i psa, odnosno &#8222;vu\u010diji pas&#8220;.<\/p>\n\n\n\n<p>&#8222;U Podgorici, u Tolo\u0161ima je odbjegao hibrid vuka i psa. Posljednji put vi\u0111en u blizini hotela Perla. Nadle\u017eni rade na hvatanju&#8220;, napisao je Dragi\u0107evi\u0107 na Fejsbuk nalogu.<\/p>\n\n\n\n<p><\/p>","protected":false},"excerpt":{"rendered":"<p>Kako je potvr\u0111eno iz &#8222;\u010cisto\u0107e&#8220; za RTV Podgorica haski koji je danas nestao je prona\u0111en i smje\u0161ten u podgori\u010dki azil. Ranije su brojni mediji i korisnici dru\u0161tvenih mre\u017ea, objavili da se tra\u017ei vuk koji luta gradom.<\/p>","protected":false},"author":4,"featured_media":899033,"comment_status":"open","ping_status":"open","sticky":false,"template":"","format":"standard","meta":{"_acf_changed":false,"footnotes":"","jetpack_publicize_message":"","jetpack_publicize_feature_enabled":true,"jetpack_social_post_already_shared":false,"jetpack_social_options":{"image_generator_settings":{"template":"highway","default_image_id":0,"font":"","enabled":false},"version":2}},"categories":[9],"tags":[2418,188,16348,3326,28,16796],"naslovna":[],"class_list":["post-899032","post","type-post","status-publish","format-standard","has-post-thumbnail","hentry","category-drustvo","tag-aleksandar-dragicevic","tag-crna-gora","tag-masa-jovanovic","tag-pas","tag-podgorica","tag-vuk"],"acf":[],"jetpack_publicize_connections":[],"_links":{"self":[{"href":"https:\/\/gradski.me\/en\/wp-json\/wp\/v2\/posts\/899032","targetHints":{"allow":["GET"]}}],"collection":[{"href":"https:\/\/gradski.me\/en\/wp-json\/wp\/v2\/posts"}],"about":[{"href":"https:\/\/gradski.me\/en\/wp-json\/wp\/v2\/types\/post"}],"author":[{"embeddable":true,"href":"https:\/\/gradski.me\/en\/wp-json\/wp\/v2\/users\/4"}],"replies":[{"embeddable":true,"href":"https:\/\/gradski.me\/en\/wp-json\/wp\/v2\/comments?post=899032"}],"version-history":[{"count":0,"href":"https:\/\/gradski.me\/en\/wp-json\/wp\/v2\/posts\/899032\/revisions"}],"wp:featuredmedia":[{"embeddable":true,"href":"https:\/\/gradski.me\/en\/wp-json\/wp\/v2\/media\/899033"}],"wp:attachment":[{"href":"https:\/\/gradski.me\/en\/wp-json\/wp\/v2\/media?parent=899032"}],"wp:term":[{"taxonomy":"category","embeddable":true,"href":"https:\/\/gradski.me\/en\/wp-json\/wp\/v2\/categories?post=899032"},{"taxonomy":"post_tag","embeddable":true,"href":"https:\/\/gradski.me\/en\/wp-json\/wp\/v2\/tags?post=899032"},{"taxonomy":"naslovna","embeddable":true,"href":"https:\/\/gradski.me\/en\/wp-json\/wp\/v2\/naslovna?post=899032"}],"curies":[{"name":"wp","href":"https:\/\/api.w.org\/{rel}","templated":true}]}}