{"id":898942,"date":"2026-01-14T12:09:00","date_gmt":"2026-01-14T11:09:00","guid":{"rendered":"https:\/\/new.gradski.me\/uncategorized\/numanovic-ocekujemo-hitnu-reakciju-jaksic-stojanovic-povodom-velicanja-nakaradne-cetnicke-ideologije\/"},"modified":"2026-01-14T12:09:00","modified_gmt":"2026-01-14T11:09:00","slug":"numanovic-ocekujemo-hitnu-reakciju-jaksic-stojanovic-povodom-velicanja-nakaradne-cetnicke-ideologije","status":"publish","type":"post","link":"https:\/\/gradski.me\/en\/drustvo\/numanovic-ocekujemo-hitnu-reakciju-jaksic-stojanovic-povodom-velicanja-nakaradne-cetnicke-ideologije\/","title":{"rendered":"Numanovi\u0107: O\u010dekujemo hitnu reakciju Jak\u0161i\u0107 Stojanovi\u0107 povodom veli\u010danja nakaradne \u010detni\u010dke ideologije"},"content":{"rendered":"<p><\/p>\n\n\n\n<p>&#8222;Povodom javno objavljenog snimka na kojem se vidi i \u010duje direktor srednje \u0161kole u Bijelom Polju kako izvodi pjesme koje veli\u010daju \u010detni\u010dku ideologiju, obra\u0107am vam se sa o\u010dekivanjem hitne i odgovorne institucionalne reakcije&#8220;, kazala je Numanovi\u0107.<\/p>\n\n\n\n<p>Rukovodioci obrazovnih ustanova, kako navodi, imaju posebnu odgovornost, jer svojim pona\u0161anjem, javnim i privatnim, \u0161alju sna\u017ene poruke mladim ljudima.<\/p>\n\n\n\n<p>&#8222;Veli\u010danje ideologija koje su istorijski povezane sa zlo\u010dinima, podjelama i stradanjem civilnog stanovni\u0161tva nespojivo je sa vrijednostima obrazovnog sistema Crne Gore, njenim ustavnim opredjeljenjem i evropskim putem.<br>O\u010dekujem da Ministarstvo bez odlaganja ispita ovaj slu\u010daj, preduzme mjere u skladu sa zakonom i jasno saop\u0161ti da je prosvjetni radnik du\u017ean da za\u0161titi integritet svoje profesije i obrazovne ustanove na \u010dijem je \u010delu. Za\u0161tita djece, obrazovanja i dru\u0161tvene kohezije mora biti iznad svakog relativizovanja, jer bez jasnog sistema vrijednosti, gubimo moralni kompas neophodan za o\u010duvanje zajednice&#8220;, navela je u Numanovi\u0107.<\/p>","protected":false},"excerpt":{"rendered":"<p>Odbornica DPS u SO Bijelo Polje, Elza Numanovi\u0107 uputila je pisamo ministarki prosvjete, nauke i inovacija An\u0111eli Jak\u0161i\u0107 Stojanovi\u0107, navode\u0107i da o\u010dekuju hitnu i odgovornu institucionalnu reakciju povodom &#8222;veli\u010danja nakaradne \u010detni\u010dke ideologije od strane direktora bjelopoljske \u0161kole&#8220;.<\/p>","protected":false},"author":4,"featured_media":898943,"comment_status":"open","ping_status":"open","sticky":false,"template":"","format":"standard","meta":{"_acf_changed":false,"footnotes":"","jetpack_publicize_message":"","jetpack_publicize_feature_enabled":true,"jetpack_social_post_already_shared":false,"jetpack_social_options":{"image_generator_settings":{"template":"highway","default_image_id":0,"font":"","enabled":false},"version":2}},"categories":[9],"tags":[88,16775,610],"naslovna":[],"class_list":["post-898942","post","type-post","status-publish","format-standard","has-post-thumbnail","hentry","category-drustvo","tag-dps","tag-elza-numanovic","tag-mpni"],"acf":[],"jetpack_publicize_connections":[],"_links":{"self":[{"href":"https:\/\/gradski.me\/en\/wp-json\/wp\/v2\/posts\/898942","targetHints":{"allow":["GET"]}}],"collection":[{"href":"https:\/\/gradski.me\/en\/wp-json\/wp\/v2\/posts"}],"about":[{"href":"https:\/\/gradski.me\/en\/wp-json\/wp\/v2\/types\/post"}],"author":[{"embeddable":true,"href":"https:\/\/gradski.me\/en\/wp-json\/wp\/v2\/users\/4"}],"replies":[{"embeddable":true,"href":"https:\/\/gradski.me\/en\/wp-json\/wp\/v2\/comments?post=898942"}],"version-history":[{"count":0,"href":"https:\/\/gradski.me\/en\/wp-json\/wp\/v2\/posts\/898942\/revisions"}],"wp:featuredmedia":[{"embeddable":true,"href":"https:\/\/gradski.me\/en\/wp-json\/wp\/v2\/media\/898943"}],"wp:attachment":[{"href":"https:\/\/gradski.me\/en\/wp-json\/wp\/v2\/media?parent=898942"}],"wp:term":[{"taxonomy":"category","embeddable":true,"href":"https:\/\/gradski.me\/en\/wp-json\/wp\/v2\/categories?post=898942"},{"taxonomy":"post_tag","embeddable":true,"href":"https:\/\/gradski.me\/en\/wp-json\/wp\/v2\/tags?post=898942"},{"taxonomy":"naslovna","embeddable":true,"href":"https:\/\/gradski.me\/en\/wp-json\/wp\/v2\/naslovna?post=898942"}],"curies":[{"name":"wp","href":"https:\/\/api.w.org\/{rel}","templated":true}]}}