{"id":898913,"date":"2026-01-14T08:19:00","date_gmt":"2026-01-14T07:19:00","guid":{"rendered":"https:\/\/new.gradski.me\/uncategorized\/rajnke-ostvaren-napredak-u-borbi-protiv-korupcije-vlada-moze-zavrsiti-pregovore-sa-eu-do-kraja-godine\/"},"modified":"2026-01-14T08:19:00","modified_gmt":"2026-01-14T07:19:00","slug":"rajnke-ostvaren-napredak-u-borbi-protiv-korupcije-vlada-moze-zavrsiti-pregovore-sa-eu-do-kraja-godine","status":"publish","type":"post","link":"https:\/\/gradski.me\/en\/politika\/rajnke-ostvaren-napredak-u-borbi-protiv-korupcije-vlada-moze-zavrsiti-pregovore-sa-eu-do-kraja-godine\/","title":{"rendered":"Rajnke: Ostvaren napredak u borbi protiv korupcije, Vlada mo\u017ee zavr\u0161iti pregovore sa EU do kraja godine"},"content":{"rendered":"<p><br><br><\/p>\n\n\n\n<p>Rajnke je to kazala u intervjuu grupi crnogorskih medija pred zavr\u0161etak sedmogodi\u0161njeg mandata u Crnoj Gori.<\/p>\n\n\n\n<p>Na pitanje da li je Crna Gora su\u0161tinski oja\u010dala ili oslabila ukupne demokratske i institucionalne kapacitete u odnosu na period kada je stupila na funkciju ambasadorke 2018. godine, Rajnke je kazala da je Crna Gora zna\u010dajno napredovala.<\/p>\n\n\n\n<p>\u201cCrna Gora se kre\u0107e ka ja\u010doj demokratiji sa boljim i otpornijim institucijama u evropskom okviru\u201d, rekla je Rajnke, dodaju\u0107i da vjeruje da dr\u017eava sada ide br\u017ee ka evropskoj budu\u0107nosti.<\/p>\n\n\n\n<p>Rajnke je kazala da se napredak mo\u017ee posmatrati kroz \u010dlanstvo u NATO-u i pregovore sa Evropskom unijom (EU), dodaju\u0107i da Crna Gora konstantno pozitivno doprinosi NATO-u i da je sada vi\u0161e nego ikada uskla\u0111ena sa svojim obavezama u okviru Alijanse.<\/p>\n\n\n\n<p>Podsje\u0107aju\u0107i da je \u010dlanstvo u EU cilj velike ve\u0107ine gra\u0111ana Crne Gore, Rajnke je kazala da su pregovori, kada je stupila na funkciju ambasadorke, bili u punom jeku, ali da je proces tekao sporo.<\/p>\n\n\n\n<p>\u201cPosljednjih nekoliko godina, kako je postalo jasno da je nacionalni konsenzus da se Crna Gora pridru\u017ei EU, \u010dak i uz politi\u010dke debate, aktuelna Vlada se vrlo brzo kre\u0107e kako bi zavr\u0161ila mehanizme, reforme i sve tehni\u010dke segmente procesa\u201d, kazala je Rajnke.<\/p>\n\n\n\n<p>Prema njenim rije\u010dima, nakon toga je na parlamentu da usvaja zakone, a onda i na dr\u017eavama \u010dlanicama EU da potvrde napredak.<\/p>\n\n\n\n<p>\u201cVidim ubrzanje i jasan smjer za zavr\u0161etak procesa pridru\u017eivanja EU. Potpuno sam uvjerena da ova Vlada mo\u017ee usvojiti reforme i ispuniti tehni\u010dke obaveze ove godine\u201d, rekla je Rajnke.<\/p>\n\n\n\n<p>Kako je dodala, jasno je da \u0107e biti te\u0161ko i da to nijesu lake reforme, ali \u0107e to dovesti i do boljeg funkcionisanja Vlade, procesa u dr\u017eavi, ali i samog dru\u0161tva.<\/p>\n\n\n\n<p>Rajnke smatra da u Crnoj Gori postoji potpuna posve\u0107enost zavr\u0161etku pregovora sa EU i isti\u010de da svi akteri treba da ostave druga pitanja po strani i zajedno rade na postizanju va\u017enog cilja \u2013 \u010dlanstva u EU.<\/p>\n\n\n\n<p>Na pitanje da li je Crna Gora pouzdani partner s jasnim smjerom, ili zemlja koja trenutno nije u fokusu vlade SAD-a, Rajnke je ukazala na va\u017enu ulogu Crne Gore, isti\u010du\u0107i multikulturalnu prirodu crnogorskog dru\u0161tva koja, kako je navela, funkcioni\u0161e.<\/p>\n\n\n\n<p>\u201cMislim da je razli\u010ditost u okviru crnogorskog dru\u0161tva snaga Crne Gore\u201d, navela je Rajnke, dodaju\u0107i da smatra da \u0107e Crna Gora kao dinami\u010dno i sna\u017eno dru\u0161tvo upravo to donijeti i u EU.<\/p>\n\n\n\n<p>Na pitanje na koji na\u010din je smjena vlasti u Crnoj Gori 2020. godine uticala na odnose sa SAD, Rajnke je kazala da nije bilo nikakve promjene u pristupu SAD-a Crnoj Gori.<\/p>\n\n\n\n<p>\u201cZa nas je Crna Gora ostala saveznik s kojim smo nastavili raditi na ja\u010danju kapaciteta, uz uvjerenje da \u0107e do pobolj\u0161anja do\u0107i\u201d, kazala je Rajnke, dodaju\u0107i da smatra da je uskla\u0111ivanje dr\u017eave s NATO-om jo\u0161 ja\u010de i jasnije definisano nego prije.<\/p>\n\n\n\n<p>Rajnke je kazala da su sa Crnom Gorom, i prije i nakon izbora 2020. godine, radili posebno na ja\u010danju u oblastima koje se odnose na vladavinu prava.<\/p>\n\n\n\n<p>\u201cSAD ovdje \u017eeli stabilnog partnera i da Crnoj Gori pomogne da izgradi prosperitetno dru\u0161tvo, koje se mo\u017ee izgraditi samo ako je vladavina prava \u010dvrsto utemeljena\u201d, navela je Rajnke.<\/p>\n\n\n\n<p>Ona je kazala da u Crnoj Gori vidi napredak u oblasti borbe protiv korupcije i organizovanog kriminala, dodaju\u0107i da je ponosna \u0161to su SAD mnogo u\u010dinile da pomognu Crnoj Gori u toj oblasti.<\/p>\n\n\n\n<p>\u201cVidim jasan napredak. Znamo da je Crnoj Gori duboko stalo do rje\u0161avanja problema sa korupcijom i da se razbiju transnacionalne organizovane kriminalne grupe\u201d, navela je Rajnke, dodaju\u0107i da SAD \u017eele da dr\u017eava uspije u toj borbi.<\/p>\n\n\n\n<p>Na pitanje koliko je, iz perspektive SAD-a, jak uticaj Rusije i Kine u Crnoj Gori i na Zapadnom Balkanu, Rajnke je kazala da prepoznaju njihovu aktivnost.<\/p>\n\n\n\n<p>\u201cOni su ovdje. Rusija i Kina su aktivni\u201d, navela je Rajnke, navode\u0107i da Crna Gora treba da povede ra\u010duna o tome da njeni partneri priznaju njena suverena prava i da sara\u0111uje sa partnerima koji po\u0161tuju njene interese.<\/p>\n\n\n\n<p>Kako je navela, \u010dlanstvo u NATO-u pokazuje da partneri iz Alijanse, uklju\u010duju\u0107i i SAD, brinu o najboljim interesima Crne Gore.<\/p>\n\n\n\n<p>\u201cNe znam da li Rusija i Kina brinu o najboljim interesima Crne Gore. To je na Crnoj Gori da procijeni\u201d, navela je Rajnke.<\/p>\n\n\n\n<p>Na pitanje kako vidi budu\u0107nost NATO-a u ovom trenutku, posebno u svjetlu rata u Ukrajini, Rajnke je naglasila da SAD ostaju posve\u0107ena \u010dlanica NATO-a.<\/p>\n\n\n\n<p>\u201cNedavni samiti su potvrdili posve\u0107enost svih \u010dlanica da NATO u\u010dine jo\u0161 ja\u010dim\u201d, kazala je Rajnke.<\/p>\n\n\n\n<p>Navode\u0107i da je Crna Gora u potpunosti uskla\u0111ena sa zahtjevima \u010dlanstva u Alijansi, u smislu bud\u017eetskih i obaveza prema ciljevima sposobnosti, Rajnke je navela da su i SAD uskla\u0111ene.<\/p>\n\n\n\n<p>\u201cRadimo na tome da osiguramo da na\u0161a vojska uvijek bude spremna. Ne vidim nijednu dr\u017eavu \u010dlanicu da oklijeva u ja\u010danju NATO-a kao institucije\u201d, rekla je Rajnke, isti\u010du\u0107i da sve dr\u017eave \u010dlanice \u017eele ja\u010di NATO.<\/p>\n\n\n\n<p>Upitana da li bi potencijalna intervencija SAD-a na Grenlandu mogla dovesti u pitanje budu\u0107nost NATO-a, Rajnke je kazala da su Kina i Rusija veoma blizu na Arktiku i da to stvara zabrinutost u SAD.<\/p>\n\n\n\n<p>Kako je dodala, to je briga i za Dansku, EU, ali i ostale saveznike u NATO-u.<\/p>\n\n\n\n<p>\u201cPrisustvo tih zemalja, i to u velikom broju, u toj arkti\u010dkoj regiji uti\u010de na bezbjednost i stabilnost regije\u201d, navela je Rajnke, dodaju\u0107i da je za SAD to pitanje nacionalne odbrane.<\/p>\n\n\n\n<p>Upitana da prokomentari\u0161e ameri\u010dku intervenciju u Venecueli, Rajnke je, isti\u010du\u0107i da je Nikolas Maduro bio nelegitiman vo\u0111a kog mnoge dr\u017eave nijesu priznavale i da je optu\u017een za trgovinu narkoticima, kazala da je akcija SAD-a u Venecueli bila akcija sprovo\u0111enja zakona.<\/p>\n\n\n\n<p>\u201cTo je bila hirur\u0161ki precizna operacija sprovo\u0111enja zakona\u201d, kazala je Rajnke, dodaju\u0107i da je cilj te intervencije postizanje dobrobiti i za SAD i za gra\u0111ane Venecuele.<\/p>\n\n\n\n<p>SAD, kako je naglasila, \u017eeli bolju budu\u0107nost za Venecuelu.<\/p>\n\n\n\n<p>\u201cMislimo da bolja budu\u0107nost za narod Venecuele stabilizuje region i \u010dini susjedstvo u kojem \u017eivimo boljim i sigurnijim\u201d, rekla je Rajnke, podsje\u0107aju\u0107i i na ranije izjave ameri\u010dkih zvani\u010dnika.<\/p>\n\n\n\n<p>Na pitanje o povla\u010denju SAD iz brojnih agencija Ujedinjenih nacija, ali i Venecijanske komisije, Rajnke je pojasnila da je to u skladu sa generalnom politikom administracije predsjednika Donalda Trampa da, na osnovu mandata koji ima od gra\u0111ana, smanji Vladu.<\/p>\n\n\n\n<p>Kada su u pitanju vanjska politika i u\u010de\u0161\u0107e u me\u0111unarodnim organizacijama, Rajnke je rekla da ameri\u010dka administracija procjenjuje da li odre\u0111ene organizacije slu\u017ee interesima SAD-a.<\/p>\n\n\n\n<p>\u201cNe mogu komentarisati nijednu od tih organizacija pojedina\u010dno, ali svaka od njih je bila odlu\u010dna da u velikoj mjeri ne slu\u017ei interesima SAD-a\u201d, navela je Rajnke.<\/p>\n\n\n\n<p>Kako je istakla, SAD se fokusira na bilateralne odnose sa pojedina\u010dnim dr\u017eavama, dodaju\u0107i da su uvjereni da na taj na\u010din mogu rje\u0161avati sva pitanja.<\/p>\n\n\n\n<p>Upitana o politikama Trampa i njegove administracije, Rajnke je kazala da Tramp \u017eeli da u\u010dini da SAD budu bezbjednije, ja\u010de i prosperitetnije.<\/p>\n\n\n\n<p>\u201cPredsjednik Tramp stvari govori na mnogo direktniji na\u010din nego \u0161to to obi\u010dno drugi politi\u010dari \u010dine\u201d, navela je Rajnke.<\/p>\n\n\n\n<p>Kako je dodala, ljudi mo\u017eda nekada ne razumiju da on sprovodi volju gra\u0111ana SAD-a koji su ga izabrali.<\/p>\n\n\n\n<p>\u201cGra\u0111ani SAD-a \u017eele da Amerika bude prva\u201d, istakla je Rajnke.<\/p>\n\n\n\n<p>Isti\u010du\u0107i da je i sama uvijek predstavljala Ameriku i radila za nju, Rajnke je kazala da to \u010dini i u Crnoj Gori dok se trudi da, u saradnji sa crnogorskom vladom, kreira najbolje mogu\u0107e bilateralne odnose izme\u0111u dvije dr\u017eave.<\/p>\n\n\n\n<p>Na pitanje \u0161ta ameri\u010dke kompanije vide kao glavne prednosti Crne Gore, a \u0161ta kao prepreke za investiranje, Rajnke je naglasila da Crna Gora ima va\u017ene potencijale, ali da je potrebno dalje graditi predvidljivost poslovnog okru\u017eenja.<\/p>\n\n\n\n<p>\u201cStabilnost u regiji dolazi i vidim mnogo stabilnije okru\u017eenje\u201d, rekla je Rajnke, dodaju\u0107i da \u0107e se vi\u0161e ameri\u010dkih kompanija opredijeliti za investicije kada postoji predvidljiv i stabilan ambijent.<\/p>\n\n\n\n<p>Rajnke, koja je ambasadorka SAD u Crnoj Gori od 2018. godine, mandat zavr\u0161ava 16. januara.<\/p>\n\n\n\n<p>Ona je kazala da ne zna ko \u0107e je naslijediti na tom mjestu, jer nije dio procesa nominacije koji \u0107e se odvijati u Va\u0161ingtonu.<\/p>\n\n\n\n<p>Funkciju otpravnice poslova u Ambasadi SAD-a u Podgorici obavlja\u0107e na kratko vi\u0161a slu\u017ebenica Deni Holder, dok se u Crnu Goru ne vrati zamjenica ambasadorke Nikol Otala, koja \u0107e funkciju otpravnice poslova obavljati do izbora novog ambasadora.<\/p>","protected":false},"excerpt":{"rendered":"<p>Crna Gora napredovala je u borbi protiv korupcije i organizovanog kriminala, ocijenila je ambasadorka Sjedinjenih Ameri\u010dkih Dr\u017eava (SAD) D\u017eudi Rajzing Rajnke, dodaju\u0107i da je uvjerena da crnogorska Vlada mo\u017ee ispuniti sve zadatke kako bi do kraja godine zatvorila sva poglavlja u pregovorima sa Evropskom unjiom (EU), prenosi Agencija Mina.<\/p>","protected":false},"author":5,"featured_media":898914,"comment_status":"open","ping_status":"open","sticky":false,"template":"","format":"standard","meta":{"_acf_changed":false,"footnotes":"","jetpack_publicize_message":"","jetpack_publicize_feature_enabled":true,"jetpack_social_post_already_shared":false,"jetpack_social_options":{"image_generator_settings":{"template":"highway","default_image_id":0,"font":"","enabled":false},"version":2}},"categories":[7],"tags":[9139,14213],"naslovna":[],"class_list":["post-898913","post","type-post","status-publish","format-standard","has-post-thumbnail","hentry","category-politika","tag-dzudi-rajzing-rajnke","tag-korupcije"],"acf":[],"jetpack_publicize_connections":[],"_links":{"self":[{"href":"https:\/\/gradski.me\/en\/wp-json\/wp\/v2\/posts\/898913","targetHints":{"allow":["GET"]}}],"collection":[{"href":"https:\/\/gradski.me\/en\/wp-json\/wp\/v2\/posts"}],"about":[{"href":"https:\/\/gradski.me\/en\/wp-json\/wp\/v2\/types\/post"}],"author":[{"embeddable":true,"href":"https:\/\/gradski.me\/en\/wp-json\/wp\/v2\/users\/5"}],"replies":[{"embeddable":true,"href":"https:\/\/gradski.me\/en\/wp-json\/wp\/v2\/comments?post=898913"}],"version-history":[{"count":0,"href":"https:\/\/gradski.me\/en\/wp-json\/wp\/v2\/posts\/898913\/revisions"}],"wp:featuredmedia":[{"embeddable":true,"href":"https:\/\/gradski.me\/en\/wp-json\/wp\/v2\/media\/898914"}],"wp:attachment":[{"href":"https:\/\/gradski.me\/en\/wp-json\/wp\/v2\/media?parent=898913"}],"wp:term":[{"taxonomy":"category","embeddable":true,"href":"https:\/\/gradski.me\/en\/wp-json\/wp\/v2\/categories?post=898913"},{"taxonomy":"post_tag","embeddable":true,"href":"https:\/\/gradski.me\/en\/wp-json\/wp\/v2\/tags?post=898913"},{"taxonomy":"naslovna","embeddable":true,"href":"https:\/\/gradski.me\/en\/wp-json\/wp\/v2\/naslovna?post=898913"}],"curies":[{"name":"wp","href":"https:\/\/api.w.org\/{rel}","templated":true}]}}