{"id":898906,"date":"2026-01-14T08:33:00","date_gmt":"2026-01-14T07:33:00","guid":{"rendered":"https:\/\/new.gradski.me\/uncategorized\/rizo-surla-antifasista-i-simbol-multikulturalnog-ulcinja-zasluzuje-ulicu\/"},"modified":"2026-01-14T08:33:00","modified_gmt":"2026-01-14T07:33:00","slug":"rizo-surla-antifasista-i-simbol-multikulturalnog-ulcinja-zasluzuje-ulicu","status":"publish","type":"post","link":"https:\/\/gradski.me\/en\/drustvo\/rizo-surla-antifasista-i-simbol-multikulturalnog-ulcinja-zasluzuje-ulicu\/","title":{"rendered":"Rizo \u0160urla \u2013 antifa\u0161ista i simbol multikulturalnog Ulcinja zaslu\u017euje ulicu"},"content":{"rendered":"<p><br><\/p>\n\n\n\n<p>Nevladine organizacije Centar za gra\u0111ansko obrazovanje (CGO), Antifa\u0161isti Cetinja i UL Info podnijele su inicijativu Op\u0161tini Ulcinj, Skup\u0161tini Op\u0161tine Ulcinj i Savjetu za davanje predloga naziva naselja, ulica, trgova i institucija da se jedna ulica u Ulcinju nazove po Rizu \u0160urli, ulcinjskom fotografu, u\u010desniku Narodnooslobodila\u010dke borbe (NOB), glumcu i najpoznatijem pripadniku afro-ulcinjske zajednice &#8211; navode u saop\u0161tenju.<\/p>\n\n\n\n<p>Dodaju a je Rizo \u0160urla (poznat i kao Rizo Harapi) ro\u0111en je 1922. godine u Ulcinju, u afro-albanskoj porodici. Njegov otac Saidi bio je direktni potomak prvih Afrikanaca koji su \u017eivjeli u Ulcinju. \u0160urla se u mladosti bavio boksom i radio u ugostiteljstvu u Dubrovniku, dok je fotografski zanat u\u010dio je u Beogradu.<\/p>\n\n\n\n<p>Tokom Drugog svjetskog rata priklju\u010dio se partizanskom pokretu i prijavio za Sremski front. U NOB-u je bio ranjen. Nakon rata vratio se u Ulcinj, gdje je otvorio prvu fotografsku radnju &#8222;Pinje\u0161&#8220; 1952. godine i dugo je bio jedini fotograf u gradu. Ostao je upam\u0107en i po ulozi u TV drami \u201eJago\u0161 i Uglje\u0161a&#8220; iz 1976. godine. Bio je jedan od simbola Pristana i Bojane &#8211; ribar, zaljubljenik u fudbal i boem. Umro je u Ulcinju 2003. godine. Bio je jedan od posljednjih pripadnika porodica afri\u010dkog porijekla u ovom gradu &#8211; isti\u010du oni.<\/p>\n\n\n\n<p>Navode da je poznata i anegdota iz Drugog svjetskog rata o oficiru Mitru Baki\u0107u, koji je s grupom oficira Narodnooslobodila\u010dke vojske, na \u010delu sa generalom Pekom Dap\u010devi\u0107em, obilazio jedinice na Sremskom frontu, uklju\u010duju\u0107i i crnogorske brigade. Kada je me\u0111u borcima opazio crnca u partizanskoj uniformi, upitao ga je ko je, a on je odgovorio da je iz Ulcinja.<br>image<\/p>\n\n\n\n<p><\/p>\n\n\n\n<p>Afro-ulcinjska zajednica postojala je od 16. vijeka, budu\u0107i da je Ulcinj bio pomorska i gusarska luka, a robovi su prodavani na tada\u0161njem Trgu robova. U 19. vijeku pripadnici ove zajednice su stekli slobodu i zapo\u010dinju proces integracije u lokalnu sredinu, \u010dime Ulcinj postaje jedinstven primjer interkulturalnog grada na Jadranu. Kada je Berlinskim kongresom 1878. godine Crna Gora priznata, u Ulcinju je \u017eivjelo oko stotinu osoba afri\u010dkog porijekla &#8211; saop\u0161tili su.<\/p>\n\n\n\n<p>Navode da je lik Riza \u0160urle oslikan je 2021. godine na stepeni\u0161tu koje vodi ka nekada\u0161njem hotelu &#8222;Galeb&#8220; u Ulcinju, zajedno s drugim istaknutim li\u010dnostima iz istorije Ulcinja, \u010dime mu je njegov grad ve\u0107, na neki na\u010din, odao po\u010dast.<\/p>\n\n\n\n<p>Podsje\u0107amo da je Op\u0161tina Ulcinj prva op\u0161tina u Crnoj Gori koja je usvojila Povelju o dru\u0161tvenoj koheziji, \u010dime se, kako je tada saop\u0161teno, &#8222;dokazuje posve\u0107enost izgradnji otvorenijeg i povezanijeg dru\u0161tva, utemeljenog na jednakost i po\u0161tovanju&#8220;. Cijenimo da bi imenovanje jedne ulice po najistaknutijem Ulcinjaninu afri\u010dkog porijekla, \u010dija je zajednica vjekovima bila posebnost ovog grada i dala doprinos njegovom razvoju, predstavljalo sna\u017ean simboli\u010dki \u010din priznanja, a posebno \u0161to u Ulcinju nema ulica nazvanih po njima, iako postoji niz lokaliteta \u010diji se nazivi odnose na ovu zajednicu &#8211; isti\u010du u saop\u0161tenju.<\/p>\n\n\n\n<p>CGO, Antifa\u0161isti Cetinja i UL Info smatraju da Rizo \u0160urla, u skladu sa Zakonom o spomen-obilje\u017ejima, ispunjava kriterijume za istaknutu li\u010dnost, imaju\u0107i u vidu njegov doprinos zajednici, kulturi i borbi protiv fa\u0161izma.<\/p>\n\n\n\n<p>Interkulturalizam i njegovanje razli\u010ditosti su neke od temeljnih vrijednosti Crne Gore kojima se trebamo ponositi. Imenovanjem jedne ulice po Rizu \u0160urli obezbijedilo bi se institucionalno \u010duvanje sje\u0107anja na njegov \u017eivot i djelo, kao i na doprinos afro-ulcinjske zajednice, kako bi i nove generacije imale priliku da o njima u\u010de &#8211; zaklju\u010duje u saop\u0161tenju Centar za gra\u0111ansko obrazovanje (CGO).<\/p>","protected":false},"excerpt":{"rendered":"<p>Rizo \u0160urla \u2013 antifa\u0161ista i simbol multikulturalnog Ulcinja zaslu\u017euje ulicu, saop\u0161tili su iz CGO.<\/p>","protected":false},"author":5,"featured_media":898907,"comment_status":"open","ping_status":"open","sticky":false,"template":"","format":"standard","meta":{"_acf_changed":false,"footnotes":"","jetpack_publicize_message":"","jetpack_publicize_feature_enabled":true,"jetpack_social_post_already_shared":false,"jetpack_social_options":{"image_generator_settings":{"template":"highway","default_image_id":0,"font":"","enabled":false},"version":2}},"categories":[9],"tags":[16763,1049,5234],"naslovna":[],"class_list":["post-898906","post","type-post","status-publish","format-standard","has-post-thumbnail","hentry","category-drustvo","tag-rizo-surla","tag-ulcinj","tag-ulica"],"acf":[],"jetpack_publicize_connections":[],"_links":{"self":[{"href":"https:\/\/gradski.me\/en\/wp-json\/wp\/v2\/posts\/898906","targetHints":{"allow":["GET"]}}],"collection":[{"href":"https:\/\/gradski.me\/en\/wp-json\/wp\/v2\/posts"}],"about":[{"href":"https:\/\/gradski.me\/en\/wp-json\/wp\/v2\/types\/post"}],"author":[{"embeddable":true,"href":"https:\/\/gradski.me\/en\/wp-json\/wp\/v2\/users\/5"}],"replies":[{"embeddable":true,"href":"https:\/\/gradski.me\/en\/wp-json\/wp\/v2\/comments?post=898906"}],"version-history":[{"count":0,"href":"https:\/\/gradski.me\/en\/wp-json\/wp\/v2\/posts\/898906\/revisions"}],"wp:featuredmedia":[{"embeddable":true,"href":"https:\/\/gradski.me\/en\/wp-json\/wp\/v2\/media\/898907"}],"wp:attachment":[{"href":"https:\/\/gradski.me\/en\/wp-json\/wp\/v2\/media?parent=898906"}],"wp:term":[{"taxonomy":"category","embeddable":true,"href":"https:\/\/gradski.me\/en\/wp-json\/wp\/v2\/categories?post=898906"},{"taxonomy":"post_tag","embeddable":true,"href":"https:\/\/gradski.me\/en\/wp-json\/wp\/v2\/tags?post=898906"},{"taxonomy":"naslovna","embeddable":true,"href":"https:\/\/gradski.me\/en\/wp-json\/wp\/v2\/naslovna?post=898906"}],"curies":[{"name":"wp","href":"https:\/\/api.w.org\/{rel}","templated":true}]}}