{"id":898889,"date":"2026-01-13T20:02:00","date_gmt":"2026-01-13T19:02:00","guid":{"rendered":"https:\/\/new.gradski.me\/uncategorized\/knezevic-botun-je-bio-samo-okidac-da-ubrzamo-inicijative-i-za-jezik-drzavljanstvo-i-trobojku\/"},"modified":"2026-01-13T20:02:00","modified_gmt":"2026-01-13T19:02:00","slug":"knezevic-botun-je-bio-samo-okidac-da-ubrzamo-inicijative-i-za-jezik-drzavljanstvo-i-trobojku","status":"publish","type":"post","link":"https:\/\/gradski.me\/en\/politika\/knezevic-botun-je-bio-samo-okidac-da-ubrzamo-inicijative-i-za-jezik-drzavljanstvo-i-trobojku\/","title":{"rendered":"Kne\u017eevi\u0107: Botun je bio samo okida\u010d da ubrzamo inicijative i za jezik, dr\u017eavljanstvo i trobojku"},"content":{"rendered":"<p>To je kazao lider DNP-a Milan Kne\u017eevi\u0107, gostuju\u0107i na televiziji Adria.<\/p>\n\n\n\n<p>U tome, naglasio je on, nema dileme.<\/p>\n\n\n\n<p>\u201cNema nikakvog prostora za manipulacije, analize i frustracije, koje smo imali priliku da \u010ditamo na dru\u0161tvenim mre\u017eama i to dominantno od ljudi koji ili podr\u017eavaju DPS ili rade protivno interesima i DNP-a i srpskog i crnogorskog naroda u Crnoj Gori\u201d, istakao je Kne\u017eevi\u0107, navode\u0107i da je okida\u010d za posljednju odluku njegove partije bila, kako je kazao, brutalna akcija policije posljednjih dana pro\u0161le godine.<\/p>\n\n\n\n<p>\u201cJa sam na protestima od 1998. godine. Jo\u0161 kao srednjo\u0161kolac sam i\u0161ao na proteste zbog pokradenih izbora. Tvrdim da je sad, u no\u0107i izme\u0111u 29. i 30. decembra, u Botunu bilo vi\u0161e policije nego 24. oktobra 2015. godine. To je bio okida\u010d da ubrzamo ove na\u0161e inicijative, koje su svakako trebalo da se na\u0111u na dnevnom redu u martu ili aprilu ove godine\u201d, rekao je Kne\u017eevi\u0107, obja\u0161njavaju\u0107i za\u0161to su se u inicijativi na\u0161li srpski jezik, dr\u017eavljanstvo i trobojka, a ne samo Botun.<\/p>\n\n\n\n<p><strong>\u201cO\u010dekujem da \u0107e Spaji\u0107 i partneri uva\u017eiti inicijative\u201d<\/strong><\/p>\n\n\n\n<p>Sjednicu Vlade, kazao je on, o\u010dekuje krajem ove ili tokom sljede\u0107e sedmice.<\/p>\n\n\n\n<p>\u201cO\u010dekujem da Spaji\u0107 i na\u0161i koalicioni partneri uva\u017ee na\u0161e inicijative i da \u0107emo otpo\u010deti dijalog i po\u010deti da rje\u0161avamo ono \u0161to smatramo da je jedan od ozbiljnih problema koji optere\u0107uje crnogorsko dru\u0161tvo i zaustavlja ga na njegovom putu ka Evropskoj uniji. Ako je svakom stalo do dijaloga i ako \u017eele da deeskaliraju i ova bezbjednosna situacija u Botunu\u2026 Vidjeli ste danas blokade na dva kru\u017ena toka u Podgorici i one \u0107e se sigurno u narednom periodu radikalizovati. Ti ljudi \u017eele razgovor, ali uporno dobijaju odgovore koji iritiraju i dodatno podi\u017eu tenzije. Mislim da nikom u Crnoj Gori nije potrebno da se prolije kap ljudske krvi, a 31. decembra se to i moglo desiti da nije bilo odgovornih ljudi koji su sa gra\u0111anima Zete donijeli odluke koje su zaustavile eskalaciju\u201d, rekao je Kne\u017eevi\u0107.<\/p>\n\n\n\n<p>Me\u0111utim, nastavio je on, ukoliko ne bude pregovora, dana\u0161nje blokade \u0107e, ka\u017ee, biti poezija pri onome \u0161to se mo\u017ee da se desi, a ti\u010de se otpora gra\u0111ana Botuna ubog klasi\u010dne zloupotrebe, represije i kr\u0161enja referendumske volje.<\/p>\n\n\n\n<p>Na referendumu, koji je odr\u017ean 14. decembra pro\u0161le godine, podsjetio je Kne\u017eevi\u0107, 98,5 odsto od iza\u0161lih bira\u010da glasalo je protiv gradnje kolektora u Botunu.<\/p>","protected":false},"excerpt":{"rendered":"<p>Ukoliko na prvoj narednoj sjednici Vlade budu odbijene na\u0161e inicijative o srpskom jeziku, dr\u017eavljanstvu, trobojci i dijalogu u vezi sa gradnjom postrojenja za pre\u010di\u0161\u0107avanje otpadnih voda u Botunu, ministri iz redova Demokratske narodne partije, Milan Zogovi\u0107 i Maja Vuki\u0107evi\u0107, podnije\u0107e ostavke. Poslani\u010dki klub \u0107e otkazati podr\u0161ku Vladi Milojka Spaji\u0107a, a Odborni\u010dki klub DNP-a u Skup\u0161tini Glavnog grada otkaza\u0107e podr\u0161ku gradona\u010delniku Sa\u0161i Mujovi\u0107u.<\/p>","protected":false},"author":16,"featured_media":898890,"comment_status":"open","ping_status":"open","sticky":false,"template":"","format":"standard","meta":{"_acf_changed":false,"footnotes":"","jetpack_publicize_message":"","jetpack_publicize_feature_enabled":true,"jetpack_social_post_already_shared":false,"jetpack_social_options":{"image_generator_settings":{"template":"highway","default_image_id":0,"font":"","enabled":false},"version":2}},"categories":[7],"tags":[1235,4159,98],"naslovna":[],"class_list":["post-898889","post","type-post","status-publish","format-standard","has-post-thumbnail","hentry","category-politika","tag-botun","tag-dnp","tag-milan-knezevic"],"acf":[],"jetpack_publicize_connections":[],"_links":{"self":[{"href":"https:\/\/gradski.me\/en\/wp-json\/wp\/v2\/posts\/898889","targetHints":{"allow":["GET"]}}],"collection":[{"href":"https:\/\/gradski.me\/en\/wp-json\/wp\/v2\/posts"}],"about":[{"href":"https:\/\/gradski.me\/en\/wp-json\/wp\/v2\/types\/post"}],"author":[{"embeddable":true,"href":"https:\/\/gradski.me\/en\/wp-json\/wp\/v2\/users\/16"}],"replies":[{"embeddable":true,"href":"https:\/\/gradski.me\/en\/wp-json\/wp\/v2\/comments?post=898889"}],"version-history":[{"count":0,"href":"https:\/\/gradski.me\/en\/wp-json\/wp\/v2\/posts\/898889\/revisions"}],"wp:featuredmedia":[{"embeddable":true,"href":"https:\/\/gradski.me\/en\/wp-json\/wp\/v2\/media\/898890"}],"wp:attachment":[{"href":"https:\/\/gradski.me\/en\/wp-json\/wp\/v2\/media?parent=898889"}],"wp:term":[{"taxonomy":"category","embeddable":true,"href":"https:\/\/gradski.me\/en\/wp-json\/wp\/v2\/categories?post=898889"},{"taxonomy":"post_tag","embeddable":true,"href":"https:\/\/gradski.me\/en\/wp-json\/wp\/v2\/tags?post=898889"},{"taxonomy":"naslovna","embeddable":true,"href":"https:\/\/gradski.me\/en\/wp-json\/wp\/v2\/naslovna?post=898889"}],"curies":[{"name":"wp","href":"https:\/\/api.w.org\/{rel}","templated":true}]}}