{"id":898832,"date":"2026-01-13T16:57:00","date_gmt":"2026-01-13T15:57:00","guid":{"rendered":"https:\/\/new.gradski.me\/uncategorized\/djokovic-porucio-raonicu-brate-vidjamo-se-u-djedovini\/"},"modified":"2026-01-13T16:57:00","modified_gmt":"2026-01-13T15:57:00","slug":"djokovic-porucio-raonicu-brate-vidjamo-se-u-djedovini","status":"publish","type":"post","link":"https:\/\/gradski.me\/en\/sport\/djokovic-porucio-raonicu-brate-vidjamo-se-u-djedovini\/","title":{"rendered":"\u0110okovi\u0107 poru\u010dio Raoni\u0107u: Brate, vi\u0111amo se u \u0110edovini"},"content":{"rendered":"<p>Raoni\u0107, ro\u0111en u Podgorici, a afirmisan pod zastavom Kanade, ostavio je dubok trag u svjetskom tenisu, ba\u0161 kao i \u0110okovi\u0107, \u010diji su pra\u0111ed i \u0111ed \u017eivjeli u Crnoj Gori.<\/p>\n\n\n\n<p>\u201e\u010cestitam, brate, na odli\u010dnoj karijeri. Puno razloga za ponos. Zadovoljstvo je bilo dijeliti teren s tobom. Vi\u0111amo se u \u0110edovini\u201c, napisao je \u0110okovi\u0107 na dru\u0161tvenim mre\u017eama, uz prepoznatljiv osmijeh.<\/p>\n\n\n\n<p>Raoni\u0107 se od profesionalnog tenisa oprostio u 35. godini, nakon \u0161to ga posljednjih sezona povrede nijesu zaobi\u0161le.<\/p>\n\n\n\n<p>Posljednji put na terenu vi\u0111en je na Olimpijskim igrama u Parizu. Iza sebe ostavlja zavidan rezime \u2013 finale Vimbldona, polufinale Australijan opena, tre\u0107e mjesto na ATP listi i osam osvojenih titula.<\/p>\n\n\n\n<p>Sa Novakom \u0110okovi\u0107em odigrao je 12 me\u010deva, a svaki je pripao najboljem u istoriji.<\/p>","protected":false},"excerpt":{"rendered":"<p>Nakon \u0161to je Milo\u0161 Raoni\u0107 i zvani\u010dno objavio kraj bogate profesionalne karijere, me\u0111u prvima mu je \u010destitao Novak \u0110okovi\u0107, i to porukom punom po\u0161tovanja i bliskosti.<\/p>","protected":false},"author":7,"featured_media":898833,"comment_status":"open","ping_status":"open","sticky":false,"template":"","format":"standard","meta":{"_acf_changed":false,"footnotes":"","jetpack_publicize_message":"","jetpack_publicize_feature_enabled":true,"jetpack_social_post_already_shared":false,"jetpack_social_options":{"image_generator_settings":{"template":"highway","default_image_id":0,"font":"","enabled":false},"version":2}},"categories":[15],"tags":[16654,257],"naslovna":[],"class_list":["post-898832","post","type-post","status-publish","format-standard","has-post-thumbnail","hentry","category-sport","tag-milos-raonic","tag-novak-djokovic"],"acf":[],"jetpack_publicize_connections":[],"_links":{"self":[{"href":"https:\/\/gradski.me\/en\/wp-json\/wp\/v2\/posts\/898832","targetHints":{"allow":["GET"]}}],"collection":[{"href":"https:\/\/gradski.me\/en\/wp-json\/wp\/v2\/posts"}],"about":[{"href":"https:\/\/gradski.me\/en\/wp-json\/wp\/v2\/types\/post"}],"author":[{"embeddable":true,"href":"https:\/\/gradski.me\/en\/wp-json\/wp\/v2\/users\/7"}],"replies":[{"embeddable":true,"href":"https:\/\/gradski.me\/en\/wp-json\/wp\/v2\/comments?post=898832"}],"version-history":[{"count":0,"href":"https:\/\/gradski.me\/en\/wp-json\/wp\/v2\/posts\/898832\/revisions"}],"wp:featuredmedia":[{"embeddable":true,"href":"https:\/\/gradski.me\/en\/wp-json\/wp\/v2\/media\/898833"}],"wp:attachment":[{"href":"https:\/\/gradski.me\/en\/wp-json\/wp\/v2\/media?parent=898832"}],"wp:term":[{"taxonomy":"category","embeddable":true,"href":"https:\/\/gradski.me\/en\/wp-json\/wp\/v2\/categories?post=898832"},{"taxonomy":"post_tag","embeddable":true,"href":"https:\/\/gradski.me\/en\/wp-json\/wp\/v2\/tags?post=898832"},{"taxonomy":"naslovna","embeddable":true,"href":"https:\/\/gradski.me\/en\/wp-json\/wp\/v2\/naslovna?post=898832"}],"curies":[{"name":"wp","href":"https:\/\/api.w.org\/{rel}","templated":true}]}}