{"id":898819,"date":"2026-01-13T21:14:00","date_gmt":"2026-01-13T20:14:00","guid":{"rendered":"https:\/\/new.gradski.me\/uncategorized\/frederiksen-i-nilsen-pred-sastanak-u-vasingtonu-necete-dobiti-grenland\/"},"modified":"2026-01-13T21:14:00","modified_gmt":"2026-01-13T20:14:00","slug":"frederiksen-i-nilsen-pred-sastanak-u-vasingtonu-necete-dobiti-grenland","status":"publish","type":"post","link":"https:\/\/gradski.me\/en\/svijet\/frederiksen-i-nilsen-pred-sastanak-u-vasingtonu-necete-dobiti-grenland\/","title":{"rendered":"Frederiksen i Nilsen pred sastanak u Va\u0161ingtonu: &#8222;Ne\u0107ete dobiti Grenland&#8220;"},"content":{"rendered":"<p><\/p>\n\n\n\n<p>Tenzije su dostigle vrhunac nakon \u0161to je postalo jasno da \u0107e u srijedu, 14.januara,\u00a0dansku delegaciju u Bijeloj ku\u0107i do\u010dekati potpredsjednik <strong>JD Vance<\/strong> i dr\u017eavni sekretar <strong>Marco Rubio<\/strong>.\u00a0<\/p>\n\n\n\n<p>Susret je zatra\u017een nakon \u0161to je ameri\u010dki predsjednik <strong>Donald Tramp<\/strong> ponovo intenzivirao retoriku o preuzimanju kontrole nad ovim strate\u0161ki klju\u010dnim arkti\u010dkim ostrvom.<\/p>\n\n\n\n<p>Premijerka Frederiksen bila je direktna u svom obra\u0107anju, osvrnuv\u0161i se na nediplomatski ton koji u posljednje vrijeme dolazi iz Va\u0161ingtona.<\/p>\n\n\n\n<p>&#8222;Bilo je mnogo uvreda. \u017deljeli bismo dijalog i saradnju, ne tra\u017eimo sukob. Ali na\u0161a je poruka jasna: Grenland nije na prodaju. To smo jasno dali do znanja od samog po\u010detka&#8220;, izjavila je Frederiksen.<\/p>\n\n\n\n<p>Grenlandski premijer Jens-Frederik Nilsen otklonio je svaku sumnju o budu\u0107em statusu ostrva, nagla\u0161avaju\u0107i \u010dvrstu pripadnost evropskom i transatlantskom krugu, ali isklju\u010divo kao autonomni dio Danske.<\/p>\n\n\n\n<p>&#8222;Jednu stvar svi moraju da shvate: Grenland ne\u0107e biti u vlasni\u0161tvu Sjedinjenih Dr\u017eava, njime ne\u0107e upravljati Sjedinjene Dr\u017eave i on ne\u0107e biti dio Sjedinjenih Dr\u017eava. Mi biramo Dansku, mi biramo NATO, mi biramo EU&#8220;, poru\u010dio je Nilsen.<\/p>\n\n\n\n<p>Nilsen je naglasio da Grenland stoji \u010dvrsto sa Kraljevinom Danskom.<\/p>\n\n\n\n<p>On je ponovio da Grenland ne mo\u017ee biti kupljen i da njegovu budu\u0107nost moraju da odlu\u010de Grenlan\u0111ani.<\/p>\n\n\n\n<p>&#8222;To je poruka koju \u0107emo ponijeti sa nama sjutra u SAD&#8220;, dodao je on.<\/p>","protected":false},"excerpt":{"rendered":"<p>Uo\u010di sutra\u0161njeg sastanka u Va\u0161ingtonu, danska premijerka Mete Frederiksen i grenlandski premijer Jens-Frederik Nilsen odr\u017eali su danas, 13. januara, u Kopenhagenu zajedni\u010dku konferenciju za medije s koje su poslali poruku da Kraljevina Danska ne\u0107e popustiti pod pritiscima SAD-a oko pitanja Grenlanda, prenosi Guardian.<\/p>","protected":false},"author":4,"featured_media":898474,"comment_status":"open","ping_status":"open","sticky":false,"template":"","format":"standard","meta":{"_acf_changed":false,"footnotes":"","jetpack_publicize_message":"","jetpack_publicize_feature_enabled":true,"jetpack_social_post_already_shared":false,"jetpack_social_options":{"image_generator_settings":{"template":"highway","default_image_id":0,"font":"","enabled":false},"version":2}},"categories":[14],"tags":[3364,230,16067,16735,16621,70],"naslovna":[],"class_list":["post-898819","post","type-post","status-publish","format-standard","has-post-thumbnail","hentry","category-svijet","tag-danska","tag-donald-tramp","tag-grenland","tag-jens-frederik-nilsen","tag-mete-frederiksen","tag-sad"],"acf":[],"jetpack_publicize_connections":[],"_links":{"self":[{"href":"https:\/\/gradski.me\/en\/wp-json\/wp\/v2\/posts\/898819","targetHints":{"allow":["GET"]}}],"collection":[{"href":"https:\/\/gradski.me\/en\/wp-json\/wp\/v2\/posts"}],"about":[{"href":"https:\/\/gradski.me\/en\/wp-json\/wp\/v2\/types\/post"}],"author":[{"embeddable":true,"href":"https:\/\/gradski.me\/en\/wp-json\/wp\/v2\/users\/4"}],"replies":[{"embeddable":true,"href":"https:\/\/gradski.me\/en\/wp-json\/wp\/v2\/comments?post=898819"}],"version-history":[{"count":0,"href":"https:\/\/gradski.me\/en\/wp-json\/wp\/v2\/posts\/898819\/revisions"}],"wp:featuredmedia":[{"embeddable":true,"href":"https:\/\/gradski.me\/en\/wp-json\/wp\/v2\/media\/898474"}],"wp:attachment":[{"href":"https:\/\/gradski.me\/en\/wp-json\/wp\/v2\/media?parent=898819"}],"wp:term":[{"taxonomy":"category","embeddable":true,"href":"https:\/\/gradski.me\/en\/wp-json\/wp\/v2\/categories?post=898819"},{"taxonomy":"post_tag","embeddable":true,"href":"https:\/\/gradski.me\/en\/wp-json\/wp\/v2\/tags?post=898819"},{"taxonomy":"naslovna","embeddable":true,"href":"https:\/\/gradski.me\/en\/wp-json\/wp\/v2\/naslovna?post=898819"}],"curies":[{"name":"wp","href":"https:\/\/api.w.org\/{rel}","templated":true}]}}