{"id":898782,"date":"2026-01-13T14:39:00","date_gmt":"2026-01-13T13:39:00","guid":{"rendered":"https:\/\/new.gradski.me\/uncategorized\/budva-biljezi-rekord-u-legalizaciji-privatnog-smjestaja-1-236-odobrenja-za-domacinstva-i-14-070-kategorizovanih-lezajeva-do-kraja-2025\/"},"modified":"2026-01-13T14:39:00","modified_gmt":"2026-01-13T13:39:00","slug":"budva-biljezi-rekord-u-legalizaciji-privatnog-smjestaja-1-236-odobrenja-za-domacinstva-i-14-070-kategorizovanih-lezajeva-do-kraja-2025","status":"publish","type":"post","link":"https:\/\/gradski.me\/en\/ekonomija\/budva-biljezi-rekord-u-legalizaciji-privatnog-smjestaja-1-236-odobrenja-za-domacinstva-i-14-070-kategorizovanih-lezajeva-do-kraja-2025\/","title":{"rendered":"Budva bilje\u017ei rekord u legalizaciji privatnog smje\u0161taja: 1.236 odobrenja za doma\u0107instva i 14.070 kategorizovanih le\u017eajeva do kraja 2025."},"content":{"rendered":"<p><br><\/p>\n\n\n\n<p>Prema rije\u010dima \u0110or\u0111a \u0160\u0107epanovi\u0107a, rukovodioca Sektora, do 31. decembra 2025. godine zaprimljeno je ukupno 1.360 zahtjeva, od \u010dega je 1.236 zahtjeva odnosilo se na izdavanje odobrenja za obavljanje ugostiteljske djelatnosti u doma\u0107instvu ili upis u Centralni turisti\u010dki registar.<\/p>\n\n\n\n<p>\u201cMo\u017eemo se pohvaliti da je svih 1.236 zahtjeva obra\u0111eno, a izdato je 14.070 kategorizovanih le\u017eajeva\u201d, isti\u010de \u0160\u0107epanovi\u0107.<\/p>\n\n\n\n<p>Ovi rezultati predstavljaju zna\u010dajan porast u odnosu na prethodne godine \u2013 za oko 15 odsto vi\u0161e nego 2024. godine i \u010dak 40 odsto vi\u0161e u pore\u0111enju sa 2023.<\/p>\n\n\n\n<p>Sektor za turizam smatra da je ovaj rast rezultat pove\u0107ane svijesti gra\u0111ana i stranih dr\u017eavljana o va\u017enosti rada u legalnom sektoru.<\/p>\n\n\n\n<p>\u201cKada na\u0161i sugra\u0111ani i strani vlasnici vide da lokalna turisti\u010dka inspekcija svakodnevno djeluje na terenu, odmah shvate da treba prijaviti svoje smje\u0161tajne kapacitete. Dodatno, pojednostavljenje dokumentacije i efikasniji rad inspekcije doprinijeli su ovom rezultatu\u201d, obja\u0161njava \u0160\u0107epanovi\u0107.<\/p>\n\n\n\n<p>On nagla\u0161ava da se u Budvi sve vi\u0161e gradi i da broj smje\u0161tajnih kapaciteta raste.<\/p>\n\n\n\n<p>\u201cTrenutno imamo oko 120.000 le\u017eajeva i o\u010dekujemo da \u0107e taj broj u narednoj godini biti jo\u0161 ve\u0107i. Svijest gra\u0111ana o potrebi izlaska iz sive zone je na visokom nivou\u201d, dodaje \u0160\u0107epanovi\u0107.<\/p>\n\n\n\n<p>Tokom novogodi\u0161njih i bo\u017ei\u0107nih praznika, lokalna turisti\u010dka inspekcija bila je aktivna na terenu, a sre\u0107om, nije zabilje\u017eeno zna\u010dajnijih prekr\u0161aja. Sekretarijat Sektora za turizam ju\u010de je po\u010deo sa radom u punom kapacitetu, sa o\u010dekivanjima da \u0107e nova sezona po\u010deti poja\u010danim tempom, \u0161to bi dodatno doprinijelo razvoju privatnog smje\u0161taja u Budvi.<\/p>\n\n\n\n<p>Ovi rezultati pokazuju da se Budva sve vi\u0161e pozicionira kao grad sa ure\u0111enim i legalnim turisti\u010dkim kapacitetima, \u0161to je zna\u010dajan korak ka odr\u017eivom razvoju turizma.<\/p>","protected":false},"excerpt":{"rendered":"<p>Sektor za turizam Op\u0161tine Budva zavr\u0161io je 2025. godinu sa izuzetno dobrim rezultatima u legalizaciji i registraciji turisti\u010dkih kapaciteta.<\/p>","protected":false},"author":5,"featured_media":898783,"comment_status":"open","ping_status":"open","sticky":false,"template":"","format":"standard","meta":{"_acf_changed":false,"footnotes":"","jetpack_publicize_message":"","jetpack_publicize_feature_enabled":true,"jetpack_social_post_already_shared":false,"jetpack_social_options":{"image_generator_settings":{"template":"highway","default_image_id":0,"font":"","enabled":false},"version":2}},"categories":[8],"tags":[925,6144,16725],"naslovna":[],"class_list":["post-898782","post","type-post","status-publish","format-standard","has-post-thumbnail","hentry","category-ekonomija","tag-budva","tag-legalizacija","tag-privatni-smjestaj"],"acf":[],"jetpack_publicize_connections":[],"_links":{"self":[{"href":"https:\/\/gradski.me\/en\/wp-json\/wp\/v2\/posts\/898782","targetHints":{"allow":["GET"]}}],"collection":[{"href":"https:\/\/gradski.me\/en\/wp-json\/wp\/v2\/posts"}],"about":[{"href":"https:\/\/gradski.me\/en\/wp-json\/wp\/v2\/types\/post"}],"author":[{"embeddable":true,"href":"https:\/\/gradski.me\/en\/wp-json\/wp\/v2\/users\/5"}],"replies":[{"embeddable":true,"href":"https:\/\/gradski.me\/en\/wp-json\/wp\/v2\/comments?post=898782"}],"version-history":[{"count":0,"href":"https:\/\/gradski.me\/en\/wp-json\/wp\/v2\/posts\/898782\/revisions"}],"wp:featuredmedia":[{"embeddable":true,"href":"https:\/\/gradski.me\/en\/wp-json\/wp\/v2\/media\/898783"}],"wp:attachment":[{"href":"https:\/\/gradski.me\/en\/wp-json\/wp\/v2\/media?parent=898782"}],"wp:term":[{"taxonomy":"category","embeddable":true,"href":"https:\/\/gradski.me\/en\/wp-json\/wp\/v2\/categories?post=898782"},{"taxonomy":"post_tag","embeddable":true,"href":"https:\/\/gradski.me\/en\/wp-json\/wp\/v2\/tags?post=898782"},{"taxonomy":"naslovna","embeddable":true,"href":"https:\/\/gradski.me\/en\/wp-json\/wp\/v2\/naslovna?post=898782"}],"curies":[{"name":"wp","href":"https:\/\/api.w.org\/{rel}","templated":true}]}}