{"id":898719,"date":"2026-01-13T09:00:00","date_gmt":"2026-01-13T08:00:00","guid":{"rendered":"https:\/\/new.gradski.me\/uncategorized\/ivanovic-rajzing-rajnke-saradnja-sa-sad-u-fokusu-vanjskopolitickih-prioriteta\/"},"modified":"2026-01-13T09:00:00","modified_gmt":"2026-01-13T08:00:00","slug":"ivanovic-rajzing-rajnke-saradnja-sa-sad-u-fokusu-vanjskopolitickih-prioriteta","status":"publish","type":"post","link":"https:\/\/gradski.me\/en\/politika\/ivanovic-rajzing-rajnke-saradnja-sa-sad-u-fokusu-vanjskopolitickih-prioriteta\/","title":{"rendered":"Ivanovi\u0107 \u2013 Rajzing Rajnke: Saradnja sa SAD u fokusu vanjskopoliti\u010dkih prioriteta"},"content":{"rendered":"<p>Tokom susreta razmijenjena su mi\u0161ljenja o stanju i perspektivama bilateralnih odnosa izme\u0111u Crne Gore i Sjedinjenih Ameri\u010dkih Dr\u017eava. Ambasadorka Rajzing Rajnke izrazila je zadovoljstvo saradnjom tokom svog mandata i ukazala na zna\u010daj partnerskog odnosa sa Crnom Gorom, posebno u oblasti ja\u010danja institucija, te razvoja ekonomske i politi\u010dke saradnje.<\/p>\n\n\n\n<p>Potpredsjednik Ivanovi\u0107 istakao je njen doprinos kontinuiranom unapre\u0111enju bilateralnih odnosa i naglasio va\u017enost daljeg ja\u010danja prijateljstva i strate\u0161kog savezni\u0161tva izme\u0111u dvije dr\u017eave.<\/p>\n\n\n\n<p>&#8222;U fokusu razgovora bili su rezultati ostvarene saradnje sa SAD, posebno u oblasti ekonomskog dijaloga, uklju\u010duju\u0107i nedavno ponovno pokretanje i planiranje novih rundi razgovora u okviru ekonomskog dijaloga. Istaknuta je va\u017enost potpisivanja Memoranduma o ekonomskoj saradnji, koji otvara dodatne mogu\u0107nosti za trgovinu, investicije i zajedni\u010dke projekte, a koji doprinosi daljem ja\u010danju stabilnosti i predvidivosti u bilateralnim i me\u0111unarodnim inicijativama. Poseban osvrt bio je i na ostvarene rezultate Crne Gore u prethodnom periodu, uklju\u010duju\u0107i ja\u010danje demokratskih institucija, napredak u reformama i strate\u0161ke korake ka \u010dlanstvu u Evropskoj uniji. Sagovornici su ocijenili da kontinuitet ovih procesa predstavlja sna\u017enu osnovu za dalju saradnju sa me\u0111unarodnim partnerima, dodatno ja\u010danje regionalne stabilnosti i unapre\u0111enje ekonomske i politi\u010dke povezanosti u okviru evropskih i globalnih tokova&#8220;, navode u saop\u0161tenju.<\/p>\n\n\n\n<p>Na kraju susreta, potpredsjednik Ivanovi\u0107 zahvalio je ambasadorki Rajzing Rajnke na njenom predanom radu i doprinosu ja\u010danju bilateralnih odnosa, uz najbolje \u017eelje za dalji profesionalni i li\u010dni uspjeh.<\/p>\n\n\n\n<p><\/p>","protected":false},"excerpt":{"rendered":"<p>Potpredsjednik Vlade za vanjske i evropske poslove Filip Ivanovi\u0107 primio je u opro\u0161tajnu posjetu ambasadorku Sjedinjenih Ameri\u010dkih Dr\u017eava u Crnoj Gori D\u017eudi Rajzing Rajnke. U fokusu razgovora bili su rezultati ostvarene saradnje sa SAD, posebno u oblasti ekonomskog dijaloga, uklju\u010duju\u0107i nedavno ponovno pokretanje i planiranje novih rundi razgovora u okviru ekonomskog dijaloga.<\/p>","protected":false},"author":1,"featured_media":898720,"comment_status":"open","ping_status":"open","sticky":false,"template":"","format":"standard","meta":{"_acf_changed":false,"footnotes":"","jetpack_publicize_message":"","jetpack_publicize_feature_enabled":true,"jetpack_social_post_already_shared":false,"jetpack_social_options":{"image_generator_settings":{"template":"highway","default_image_id":0,"font":"","enabled":false},"version":2}},"categories":[7],"tags":[188,9139,2217,70],"naslovna":[],"class_list":["post-898719","post","type-post","status-publish","format-standard","has-post-thumbnail","hentry","category-politika","tag-crna-gora","tag-dzudi-rajzing-rajnke","tag-filip-ivanovic-2","tag-sad"],"acf":[],"jetpack_publicize_connections":[],"_links":{"self":[{"href":"https:\/\/gradski.me\/en\/wp-json\/wp\/v2\/posts\/898719","targetHints":{"allow":["GET"]}}],"collection":[{"href":"https:\/\/gradski.me\/en\/wp-json\/wp\/v2\/posts"}],"about":[{"href":"https:\/\/gradski.me\/en\/wp-json\/wp\/v2\/types\/post"}],"author":[{"embeddable":true,"href":"https:\/\/gradski.me\/en\/wp-json\/wp\/v2\/users\/1"}],"replies":[{"embeddable":true,"href":"https:\/\/gradski.me\/en\/wp-json\/wp\/v2\/comments?post=898719"}],"version-history":[{"count":0,"href":"https:\/\/gradski.me\/en\/wp-json\/wp\/v2\/posts\/898719\/revisions"}],"wp:featuredmedia":[{"embeddable":true,"href":"https:\/\/gradski.me\/en\/wp-json\/wp\/v2\/media\/898720"}],"wp:attachment":[{"href":"https:\/\/gradski.me\/en\/wp-json\/wp\/v2\/media?parent=898719"}],"wp:term":[{"taxonomy":"category","embeddable":true,"href":"https:\/\/gradski.me\/en\/wp-json\/wp\/v2\/categories?post=898719"},{"taxonomy":"post_tag","embeddable":true,"href":"https:\/\/gradski.me\/en\/wp-json\/wp\/v2\/tags?post=898719"},{"taxonomy":"naslovna","embeddable":true,"href":"https:\/\/gradski.me\/en\/wp-json\/wp\/v2\/naslovna?post=898719"}],"curies":[{"name":"wp","href":"https:\/\/api.w.org\/{rel}","templated":true}]}}