{"id":898694,"date":"2026-01-13T10:21:00","date_gmt":"2026-01-13T09:21:00","guid":{"rendered":"https:\/\/new.gradski.me\/uncategorized\/kk-buducnost-voli-trebaju-nam-nasi-navijaci-da-tribine-morace-pretvore-u-plavo-bijelo-more\/"},"modified":"2026-01-13T10:21:00","modified_gmt":"2026-01-13T09:21:00","slug":"kk-buducnost-voli-trebaju-nam-nasi-navijaci-da-tribine-morace-pretvore-u-plavo-bijelo-more","status":"publish","type":"post","link":"https:\/\/gradski.me\/en\/sport\/kk-buducnost-voli-trebaju-nam-nasi-navijaci-da-tribine-morace-pretvore-u-plavo-bijelo-more\/","title":{"rendered":"KK Budu\u0107nost Voli: Trebaju nam na\u0161i navija\u010di da tribine Mora\u010de pretvore u plavo-bijelo \u201emore\u201c"},"content":{"rendered":"<p>Ovaj susret je od velikog zna\u010daja za&nbsp;na\u0161&nbsp;tim, jer se radi o direktnom obra\u010dunu u borbi za bolju poziciju u grupi i \u0161to bolji plasman pred eliminacionu fazu.<\/p>\n\n\n\n<p>Poslije zahtjevnih ovosezonskih isku\u0161enja, plavo-bijeli nastoje da potvrde kvalitet i kontinuitet igre na doma\u0107em terenu pred svojom publikom, i zato ponovo apelujemo na na\u0161e navija\u010de da naprave plavo-bijelo&nbsp;\u201emore\u201c&nbsp;na tribinama \u201eMora\u010de\u201c.<\/p>\n\n\n\n<p>Protiv Turk Telekoma, podr\u0161ka publike bila je vi\u0161e od goriva \u2013 bila je igra\u010d vi\u0161e u svakom trenutku. Hajde da to ponovimo i protiv Litvanaca. Sezona ulazi u dio kada je svaki me\u010d va\u017ean u svim takmi\u010denjima i trebate nam ba\u0161 vi kako bismo ostvarili \u0161to bolji rezultat.<\/p>\n\n\n\n<p>Izgubili smo od Panioniosa, gostovanje koje nije smjelo da se desi, ali smo uspjeli da se povratimo ve\u0107 protiv Zadra u ABA ligi.<\/p>\n\n\n\n<p>Stigli smo do 11. uzastopne pobjede protiv tog rivala, a pete zaredom u dvorani \u201eKre\u0161imir \u0106osi\u0107\u201c. Nekada neugodno gostovanje danas je nova potvrda dominacije \u201eplavo-bijelih\u201c u regionalnom takmi\u010denju.<\/p>\n\n\n\n<p>Sada smo prvi na tabeli na\u0161e grupe u ABA ligi i bi\u0107e nam potrebna podr\u0161ka na svakoj utakmici kako bismo to prvo mjesto i odbranili.<\/p>\n\n\n\n<p>Ne\u0107e biti lako \u2013 Lietkabelis je ekipa poznata po disciplini i takti\u010dkoj organizaciji igre, respektabilan protivnik koji ne\u0107e do\u0107i u Podgoricu samo da ispuni birokratsku obavezu.<\/p>\n\n\n\n<p>Upravo u ovakvim utakmicama, kada se o\u010dekuje velika borba i maksimalna koncentracija sa obje strane, glasna podr\u0161ka sa tribina mo\u017ee biti presudan faktor i dodatna snaga za plavo-bijele u trenucima kada se utakmica lomi.<\/p>\n\n\n\n<p>Zato \u2013 vidimo se u Mora\u010di.<\/p>\n\n\n\n<p><strong>TICKET SALES<\/strong><\/p>\n\n\n\n<p>Karte se mogu kupiti na biletarnici Mtel dvorane &#8222;Mora\u010da\u201c u utorak od 12 do 18 \u010dasova, kao i u srijedu od 12 \u010dasova do po\u010detka utakmice, po cijenama od 4, 6 i 8 eura.<\/p>","protected":false},"excerpt":{"rendered":"<p>U jednoj od klju\u010dnih utakmica grupne faze Eurokupa, ko\u0161arka\u0161e Budu\u0107nost Volija o\u010dekuje duel sa litvanskim Lietkabelisom, zakazan za 14. januar 2026. godine u 19 \u010dasova u Mtel dvorani \u201eMora\u010da\u201c.<\/p>","protected":false},"author":7,"featured_media":898695,"comment_status":"open","ping_status":"open","sticky":false,"template":"","format":"standard","meta":{"_acf_changed":false,"footnotes":"","jetpack_publicize_message":"","jetpack_publicize_feature_enabled":true,"jetpack_social_post_already_shared":false,"jetpack_social_options":{"image_generator_settings":{"template":"highway","default_image_id":0,"font":"","enabled":false},"version":2}},"categories":[15],"tags":[7928,1421,16699],"naslovna":[],"class_list":["post-898694","post","type-post","status-publish","format-standard","has-post-thumbnail","hentry","category-sport","tag-evrokup","tag-kk-buducnost-voli","tag-litkabelis"],"acf":[],"jetpack_publicize_connections":[],"_links":{"self":[{"href":"https:\/\/gradski.me\/en\/wp-json\/wp\/v2\/posts\/898694","targetHints":{"allow":["GET"]}}],"collection":[{"href":"https:\/\/gradski.me\/en\/wp-json\/wp\/v2\/posts"}],"about":[{"href":"https:\/\/gradski.me\/en\/wp-json\/wp\/v2\/types\/post"}],"author":[{"embeddable":true,"href":"https:\/\/gradski.me\/en\/wp-json\/wp\/v2\/users\/7"}],"replies":[{"embeddable":true,"href":"https:\/\/gradski.me\/en\/wp-json\/wp\/v2\/comments?post=898694"}],"version-history":[{"count":0,"href":"https:\/\/gradski.me\/en\/wp-json\/wp\/v2\/posts\/898694\/revisions"}],"wp:featuredmedia":[{"embeddable":true,"href":"https:\/\/gradski.me\/en\/wp-json\/wp\/v2\/media\/898695"}],"wp:attachment":[{"href":"https:\/\/gradski.me\/en\/wp-json\/wp\/v2\/media?parent=898694"}],"wp:term":[{"taxonomy":"category","embeddable":true,"href":"https:\/\/gradski.me\/en\/wp-json\/wp\/v2\/categories?post=898694"},{"taxonomy":"post_tag","embeddable":true,"href":"https:\/\/gradski.me\/en\/wp-json\/wp\/v2\/tags?post=898694"},{"taxonomy":"naslovna","embeddable":true,"href":"https:\/\/gradski.me\/en\/wp-json\/wp\/v2\/naslovna?post=898694"}],"curies":[{"name":"wp","href":"https:\/\/api.w.org\/{rel}","templated":true}]}}