{"id":898684,"date":"2026-01-12T19:18:00","date_gmt":"2026-01-12T18:18:00","guid":{"rendered":"https:\/\/new.gradski.me\/uncategorized\/partije-deklarativno-za-otvorene-liste-u-praksi-nema-podrske\/"},"modified":"2026-01-12T19:18:00","modified_gmt":"2026-01-12T18:18:00","slug":"partije-deklarativno-za-otvorene-liste-u-praksi-nema-podrske","status":"publish","type":"post","link":"https:\/\/gradski.me\/en\/politika\/partije-deklarativno-za-otvorene-liste-u-praksi-nema-podrske\/","title":{"rendered":"Partije deklarativno za otvorene liste, u praksi nema podr\u0161ke"},"content":{"rendered":"<p>Sve partije u Crnoj Gori deklarativno se zala\u017eu za otvorene liste, ali takvo rje\u0161enje nikako da za\u017eivi u praksi. Budu\u0107i da poslanici ne mogu da se dogovore, predsjednik Jakov Milatovi\u0107 predlo\u017eio je da sud o otvorenim listama daju gra\u0111ani na referendumu. Iz vladaju\u0107eg PES-a podr\u0161ka toj ideji.<\/p>\n\n\n\n<p>&#8222;Pokret Evropa sad \u0107e podr\u017eati predlog predsjednika dr\u017eave da se odr\u017ei referendum povodom otvorenih lista. Mi smo i sami inicirali tu ideju po\u010detkom godine kao jednu realnu opciju koja \u0107e nam pomo\u0107i da do\u0111emo do one ve\u0107ine u parlamentu da se otvorene liste stvarno uvedu u na\u0161 izborni sistem&#8220;, kazao je Vasilije \u010carapi\u0107.<\/p>\n\n\n\n<p>No, da \u0107e potrebna dvotre\u0107inska ve\u0107ina za odr\u017eavanje referenduma biti te\u0161ko ostvariva, nagovje\u0161tavaju stavovi ostalih partija ve\u0107ine. Dok iz biv\u0161eg Demokratskog fronta ne \u017eele da se izja\u0161njavaju, Demokrate ka\u017eu:<\/p>\n\n\n\n<p>&#8222;Nema ni\u0161ta bolje od otvorenih lista u onim ure\u0111enim sistemima koji imaju nizak stepen korupcije i organizovanog kriminala, ali isto tako nema ni\u0161ta gore od otvorenih lista u sistemima koji jo\u0161 nijesu zavr\u0161ili borbu protiv kriminala i korupcije&#8220;- Nikola Rov\u010danin.<\/p>\n\n\n\n<p>Da se izborne liste kona\u010dno moraju otvoriti, smatraju u DPS-u. Isti\u010du, me\u0111utim, da bi to trebalo uraditi izmjenama zakona, a ne na referendumu.<\/p>\n\n\n\n<p>&#8222;Iz razloga \u0161to na taj na\u010din mo\u017eemo samo potro\u0161iti novac i vrijeme i u\u0107i u jednu ozbiljnu zamku, a to je da referendum ne uspije i da onda damo alibi onim politi\u010dkim partijama koje ne \u017eele otvorene liste da se sakriju iza referenduma i da to pitanje odgodimo za neko du\u017ee vrijeme&#8220;, ka\u017ee Nikola Rako\u010devi\u0107.<\/p>\n\n\n\n<p>Iz PES-a, s druge strane, poru\u010duju da bi upravo rezultati referenduma primorali politi\u010dare da po\u0161tuju sud gra\u0111ana.<\/p>\n\n\n\n<p>&#8222;Smatramo da trenutno dvotre\u0107inska ve\u0107ina za takvu izmjenu izbornog sistema ne postoji, ali da \u0107e kroz referendum koji bi eventualno pokazao da gra\u0111ani \u017eele otvorene liste, mo\u0107i do\u0107i do politi\u010dke volje da se to sprovede jer na kraju krajeva kada gra\u0111anin ka\u017ee da \u017eeli ne\u0161to mi politi\u010dari imamo du\u017enost da to sprovedemo&#8220;, isti\u010de \u010carapi\u0107.<\/p>\n\n\n\n<p>A vremena za sprovo\u0111enje je malo. Otvorene liste morale bi biti uvedene do sredine godine, budu\u0107i da su izbori zakazani za jun 2027, a izborno zakonodavstvo nije preporu\u010dljivo mijenjati godinu prije izbora. Pitanje je da li je pet mjeseci dovoljno vremena za ovu reformu?<\/p>\n\n\n\n<p>&#8222;Ja se pla\u0161im da ne jer je sada potpuno jasno da zna\u010dajan broj poslanika ve\u0107ine ne \u017eeli otvorene liste. Cjelokupna opozicija \u017eeli otvoriti liste, ali za to je potrebna dvotre\u0107inska ve\u0107ina i ne\u0107e samo s poslanicima PES-a, koji iskazuju spremnost da otvore liste, biti dovoljno da se do\u0111e do tog rje\u0161enja&#8220;, ka\u017ee Rako\u010devi\u0107.<\/p>\n\n\n\n<p>&#8222;Prije otvorenih lista mora se rije\u0161iti nekoliko prethodnih pitanja. Ja nijesam optimista da se to mo\u017ee rije\u0161iti u nekom kratkom periodu&#8220;, navodi Rov\u010danin.<\/p>\n\n\n\n<p>Za razliku od Crne Gore, ve\u0107ina zemalja iz okru\u017eenja ima otvorene ili poluotvorene liste, \u0161to zna\u010di da bira\u010di ne glasaju samo partiju ve\u0107 i odre\u0111ene kandidate za koje \u017eele da ih predstavljaju u parlamentu.<\/p>","protected":false},"excerpt":{"rendered":"<p>Iako se ideja o uvo\u0111enju otvorenih lista pominje godinama, Crna Gora je i u 2026. u\u0161la bez tog modela glasanja. Krajem prethodne godin u skup\u0161tinsku proceduru stigao je predlog predsjednika dr\u017eave da se tim povodom organizuje referendum. Za sada nije poznato kada \u0107e predlog biti na dnevnom redu, a sude\u0107i prema izjavama poslanika s kojima smo razgovarali, te\u0161ko da \u0107e dobiti neophodnu podr\u0161ku.<\/p>","protected":false},"author":16,"featured_media":898685,"comment_status":"open","ping_status":"open","sticky":false,"template":"","format":"standard","meta":{"_acf_changed":false,"footnotes":"","jetpack_publicize_message":"","jetpack_publicize_feature_enabled":true,"jetpack_social_post_already_shared":false,"jetpack_social_options":{"image_generator_settings":{"template":"highway","default_image_id":0,"font":"","enabled":false},"version":2}},"categories":[7],"tags":[188,6038],"naslovna":[],"class_list":["post-898684","post","type-post","status-publish","format-standard","has-post-thumbnail","hentry","category-politika","tag-crna-gora","tag-otvorene-liste"],"acf":[],"jetpack_publicize_connections":[],"_links":{"self":[{"href":"https:\/\/gradski.me\/en\/wp-json\/wp\/v2\/posts\/898684","targetHints":{"allow":["GET"]}}],"collection":[{"href":"https:\/\/gradski.me\/en\/wp-json\/wp\/v2\/posts"}],"about":[{"href":"https:\/\/gradski.me\/en\/wp-json\/wp\/v2\/types\/post"}],"author":[{"embeddable":true,"href":"https:\/\/gradski.me\/en\/wp-json\/wp\/v2\/users\/16"}],"replies":[{"embeddable":true,"href":"https:\/\/gradski.me\/en\/wp-json\/wp\/v2\/comments?post=898684"}],"version-history":[{"count":0,"href":"https:\/\/gradski.me\/en\/wp-json\/wp\/v2\/posts\/898684\/revisions"}],"wp:featuredmedia":[{"embeddable":true,"href":"https:\/\/gradski.me\/en\/wp-json\/wp\/v2\/media\/898685"}],"wp:attachment":[{"href":"https:\/\/gradski.me\/en\/wp-json\/wp\/v2\/media?parent=898684"}],"wp:term":[{"taxonomy":"category","embeddable":true,"href":"https:\/\/gradski.me\/en\/wp-json\/wp\/v2\/categories?post=898684"},{"taxonomy":"post_tag","embeddable":true,"href":"https:\/\/gradski.me\/en\/wp-json\/wp\/v2\/tags?post=898684"},{"taxonomy":"naslovna","embeddable":true,"href":"https:\/\/gradski.me\/en\/wp-json\/wp\/v2\/naslovna?post=898684"}],"curies":[{"name":"wp","href":"https:\/\/api.w.org\/{rel}","templated":true}]}}