{"id":898536,"date":"2026-01-12T09:43:30","date_gmt":"2026-01-12T08:43:30","guid":{"rendered":"https:\/\/new.gradski.me\/uncategorized\/dio-centra-grada-bez-vode-do-15-casova\/"},"modified":"2026-01-12T09:43:30","modified_gmt":"2026-01-12T08:43:30","slug":"dio-centra-grada-bez-vode-do-15-casova","status":"publish","type":"post","link":"https:\/\/gradski.me\/en\/podgorica\/dio-centra-grada-bez-vode-do-15-casova\/","title":{"rendered":"Dio centra grada bez vode do 15 \u010dasova"},"content":{"rendered":"<p><\/p>\n\n\n\n<p>Iz Vodovoda i kanalizacija sao\u0161teno je da \u0107e do\u0107i do prekida u vodosnabdijevanju biti zbog sanacije kvara na vodovodnoj mre\u017ei.<\/p>\n\n\n\n<p> <\/p>","protected":false},"excerpt":{"rendered":"<p>Ulice Bal\u0161i\u0107a, Miljana Vukova i Marka Miljanova danas \u0107e biti bez vode do 15 \u010dasova.<\/p>","protected":false},"author":8,"featured_media":897226,"comment_status":"open","ping_status":"open","sticky":false,"template":"","format":"standard","meta":{"_acf_changed":false,"footnotes":"","jetpack_publicize_message":"","jetpack_publicize_feature_enabled":true,"jetpack_social_post_already_shared":false,"jetpack_social_options":{"image_generator_settings":{"template":"highway","default_image_id":0,"font":"","enabled":false},"version":2}},"categories":[6],"tags":[5233,405],"naslovna":[],"class_list":["post-898536","post","type-post","status-publish","format-standard","has-post-thumbnail","hentry","category-podgorica","tag-centar","tag-voda"],"acf":[],"jetpack_publicize_connections":[],"_links":{"self":[{"href":"https:\/\/gradski.me\/en\/wp-json\/wp\/v2\/posts\/898536","targetHints":{"allow":["GET"]}}],"collection":[{"href":"https:\/\/gradski.me\/en\/wp-json\/wp\/v2\/posts"}],"about":[{"href":"https:\/\/gradski.me\/en\/wp-json\/wp\/v2\/types\/post"}],"author":[{"embeddable":true,"href":"https:\/\/gradski.me\/en\/wp-json\/wp\/v2\/users\/8"}],"replies":[{"embeddable":true,"href":"https:\/\/gradski.me\/en\/wp-json\/wp\/v2\/comments?post=898536"}],"version-history":[{"count":0,"href":"https:\/\/gradski.me\/en\/wp-json\/wp\/v2\/posts\/898536\/revisions"}],"wp:featuredmedia":[{"embeddable":true,"href":"https:\/\/gradski.me\/en\/wp-json\/wp\/v2\/media\/897226"}],"wp:attachment":[{"href":"https:\/\/gradski.me\/en\/wp-json\/wp\/v2\/media?parent=898536"}],"wp:term":[{"taxonomy":"category","embeddable":true,"href":"https:\/\/gradski.me\/en\/wp-json\/wp\/v2\/categories?post=898536"},{"taxonomy":"post_tag","embeddable":true,"href":"https:\/\/gradski.me\/en\/wp-json\/wp\/v2\/tags?post=898536"},{"taxonomy":"naslovna","embeddable":true,"href":"https:\/\/gradski.me\/en\/wp-json\/wp\/v2\/naslovna?post=898536"}],"curies":[{"name":"wp","href":"https:\/\/api.w.org\/{rel}","templated":true}]}}