{"id":898110,"date":"2026-01-09T18:39:00","date_gmt":"2026-01-09T17:39:00","guid":{"rendered":"https:\/\/new.gradski.me\/uncategorized\/talenat-iskre-na-radaru-buducnosti\/"},"modified":"2026-01-09T18:39:00","modified_gmt":"2026-01-09T17:39:00","slug":"talenat-iskre-na-radaru-buducnosti","status":"publish","type":"post","link":"https:\/\/gradski.me\/en\/sport\/talenat-iskre-na-radaru-buducnosti\/","title":{"rendered":"Talenat Iskre na radaru Budu\u0107nosti"},"content":{"rendered":"<p>U pitanju je biser Iskre \u2013&nbsp;<strong>Marko \u0160\u0107epanovi\u0107<\/strong>. Lob sport saznaje da je samo pitanje momenta kada \u0107e se ozvani\u010diti transfer 19-godi\u0161njeg ofanzivca u redove aktuelnog crnogorskog prvaka.<\/p>\n\n\n\n<p>Jedan od najboljih mladih napada\u010da u Crnoj Gori, koji je i kapiten Danilovgra\u0111ana, u prvom dijelu sezone 2.CFL postigao je devet golova na 18 utakmica, a njegove igre preporu\u010dile su ga&nbsp;<strong>Miodragu Bo\u017eovi\u0107u<\/strong>&nbsp;i&nbsp;<strong>Nenadu Maslovaru<\/strong>.<\/p>\n\n\n\n<p>\u0160\u0107epanovi\u0107 je prve fudbalske korake napravio u Danilovgradu, potom Kal\u0107u, a pro\u0161ao je mla\u0111e kategorije Iskre, potom je bio u Sutjeskoj i Podgorici. Priliku da se oproba u mati\u010dnom klubu je objeru\u010dke zgrabio.<\/p>\n\n\n\n<p>Iskra je tako nastavila lijep trend, razvoj mladih igra\u010da, koji skre\u0107u pa\u017enju velikih kluba. Tim iz Danilograda je prvi dio sezone u drugoliga\u0161kom takmi\u010denju zavr\u0161io na petom mjestu sa 29 bodova, \u010detiri manje od zone bara\u017ea za 1. CFL.<\/p>","protected":false},"excerpt":{"rendered":"<p>Uprava Budu\u0107nosti vrijedno radi tokom zimske pauze. Nakon vijesti da su blizu\u00a0Nemanje Nikoli\u0107a, biv\u0161eg napada\u010da Partizana, kao i \u0161topera\u00a0Milo\u0161a Milovi\u0107a, u prvi plan isko\u010dilo je jo\u0161 jedno ime.<\/p>","protected":false},"author":7,"featured_media":898111,"comment_status":"open","ping_status":"open","sticky":false,"template":"","format":"standard","meta":{"_acf_changed":false,"footnotes":"","jetpack_publicize_message":"","jetpack_publicize_feature_enabled":true,"jetpack_social_post_already_shared":false,"jetpack_social_options":{"image_generator_settings":{"template":"highway","default_image_id":0,"font":"","enabled":false},"version":2}},"categories":[15],"tags":[171,606,16455],"naslovna":[],"class_list":["post-898110","post","type-post","status-publish","format-standard","has-post-thumbnail","hentry","category-sport","tag-fk-buducnost","tag-fk-iskra","tag-marko-scepanovic"],"acf":[],"jetpack_publicize_connections":[],"_links":{"self":[{"href":"https:\/\/gradski.me\/en\/wp-json\/wp\/v2\/posts\/898110","targetHints":{"allow":["GET"]}}],"collection":[{"href":"https:\/\/gradski.me\/en\/wp-json\/wp\/v2\/posts"}],"about":[{"href":"https:\/\/gradski.me\/en\/wp-json\/wp\/v2\/types\/post"}],"author":[{"embeddable":true,"href":"https:\/\/gradski.me\/en\/wp-json\/wp\/v2\/users\/7"}],"replies":[{"embeddable":true,"href":"https:\/\/gradski.me\/en\/wp-json\/wp\/v2\/comments?post=898110"}],"version-history":[{"count":0,"href":"https:\/\/gradski.me\/en\/wp-json\/wp\/v2\/posts\/898110\/revisions"}],"wp:featuredmedia":[{"embeddable":true,"href":"https:\/\/gradski.me\/en\/wp-json\/wp\/v2\/media\/898111"}],"wp:attachment":[{"href":"https:\/\/gradski.me\/en\/wp-json\/wp\/v2\/media?parent=898110"}],"wp:term":[{"taxonomy":"category","embeddable":true,"href":"https:\/\/gradski.me\/en\/wp-json\/wp\/v2\/categories?post=898110"},{"taxonomy":"post_tag","embeddable":true,"href":"https:\/\/gradski.me\/en\/wp-json\/wp\/v2\/tags?post=898110"},{"taxonomy":"naslovna","embeddable":true,"href":"https:\/\/gradski.me\/en\/wp-json\/wp\/v2\/naslovna?post=898110"}],"curies":[{"name":"wp","href":"https:\/\/api.w.org\/{rel}","templated":true}]}}