{"id":897993,"date":"2026-01-09T08:34:00","date_gmt":"2026-01-09T07:34:00","guid":{"rendered":"https:\/\/new.gradski.me\/uncategorized\/gp-debeli-brijeg-uhapsen-danilovgradjanin-dao-na-uvid-falsifikovana-dokumenta\/"},"modified":"2026-01-09T08:34:00","modified_gmt":"2026-01-09T07:34:00","slug":"gp-debeli-brijeg-uhapsen-danilovgradjanin-dao-na-uvid-falsifikovana-dokumenta","status":"publish","type":"post","link":"https:\/\/gradski.me\/en\/hronika\/gp-debeli-brijeg-uhapsen-danilovgradjanin-dao-na-uvid-falsifikovana-dokumenta\/","title":{"rendered":"GP Debeli Brijeg: Uhap\u0161en Danilovgra\u0111anin, dao na uvid falsifikovana dokumenta"},"content":{"rendered":"<p><\/p>\n\n\n\n<p>Iz UP navode da je osumnji\u010deni ju\u010de, na grani\u010dnom prelazu Debeli Brijeg, na ulazu u Crnu Goru, prilikom grani\u010dne kontrole dao na uvid paso\u0161 i voza\u010dku dozvolu \u010ce\u0161ke Republike na ime M.V., za koje je detaljnom grani\u010dnom kontrolom, u saradnji sa slu\u017ebenicima Frontexa, utvr\u0111eno da se radi o falsifikatima.<\/p>\n\n\n\n<p>Od D. \u0106. su u slu\u017ebenim prostorijama prikupljena obavje\u0161tenja, kojom prilikom je saop\u0161tio da je falsifikovana dokumenta kupio u \u0160paniji za nov\u010dani iznos od 1.200 eura.<\/p>\n\n\n\n<p>&#8220;Po nalogu postupaju\u0107eg tu\u017eioca D.\u0106. je li\u0161en slobode i on \u0107e danas biti priveden postupaju\u0107em tu\u017eiocu na dalju nadle\u017enost&#8220;, zaklju\u010duju u Upravi policije.<\/p>","protected":false},"excerpt":{"rendered":"<p>Slu\u017ebenici Regionalnog centra grani\u010dne policije \u201eJug\u201c \u2013 Stanice grani\u010dne policije Herceg Novi podnijeli su Osnovnom dr\u017eavnom tu\u017eila\u0161tvu u Herceg Novom krivi\u010dnu prijavu protiv D.\u0106. iz Danilovgrada, zbog sumnje da je po\u010dinio krivi\u010dno djelo falsifikovanje isprave, saop\u0161teno je iz Uprave policije.<\/p>","protected":false},"author":4,"featured_media":897994,"comment_status":"open","ping_status":"open","sticky":false,"template":"","format":"standard","meta":{"_acf_changed":false,"footnotes":"","jetpack_publicize_message":"","jetpack_publicize_feature_enabled":true,"jetpack_social_post_already_shared":false,"jetpack_social_options":{"image_generator_settings":{"template":"highway","default_image_id":0,"font":"","enabled":false},"version":2}},"categories":[10],"tags":[16401,16402,2980,693],"naslovna":[],"class_list":["post-897993","post","type-post","status-publish","format-standard","has-post-thumbnail","hentry","category-hronika","tag-danilovgradjanin","tag-falsifikovana-dokumenta","tag-gp-debeli-brijeg","tag-hapsenje"],"acf":[],"jetpack_publicize_connections":[],"_links":{"self":[{"href":"https:\/\/gradski.me\/en\/wp-json\/wp\/v2\/posts\/897993","targetHints":{"allow":["GET"]}}],"collection":[{"href":"https:\/\/gradski.me\/en\/wp-json\/wp\/v2\/posts"}],"about":[{"href":"https:\/\/gradski.me\/en\/wp-json\/wp\/v2\/types\/post"}],"author":[{"embeddable":true,"href":"https:\/\/gradski.me\/en\/wp-json\/wp\/v2\/users\/4"}],"replies":[{"embeddable":true,"href":"https:\/\/gradski.me\/en\/wp-json\/wp\/v2\/comments?post=897993"}],"version-history":[{"count":0,"href":"https:\/\/gradski.me\/en\/wp-json\/wp\/v2\/posts\/897993\/revisions"}],"wp:featuredmedia":[{"embeddable":true,"href":"https:\/\/gradski.me\/en\/wp-json\/wp\/v2\/media\/897994"}],"wp:attachment":[{"href":"https:\/\/gradski.me\/en\/wp-json\/wp\/v2\/media?parent=897993"}],"wp:term":[{"taxonomy":"category","embeddable":true,"href":"https:\/\/gradski.me\/en\/wp-json\/wp\/v2\/categories?post=897993"},{"taxonomy":"post_tag","embeddable":true,"href":"https:\/\/gradski.me\/en\/wp-json\/wp\/v2\/tags?post=897993"},{"taxonomy":"naslovna","embeddable":true,"href":"https:\/\/gradski.me\/en\/wp-json\/wp\/v2\/naslovna?post=897993"}],"curies":[{"name":"wp","href":"https:\/\/api.w.org\/{rel}","templated":true}]}}