{"id":897794,"date":"2026-01-08T09:30:00","date_gmt":"2026-01-08T08:30:00","guid":{"rendered":"https:\/\/new.gradski.me\/uncategorized\/vujovic-nasa-vrata-sirom-otvorena-za-nove-autore-i-publiku\/"},"modified":"2026-01-08T09:30:00","modified_gmt":"2026-01-08T08:30:00","slug":"vujovic-nasa-vrata-sirom-otvorena-za-nove-autore-i-publiku","status":"publish","type":"post","link":"https:\/\/gradski.me\/en\/kultura\/vujovic-nasa-vrata-sirom-otvorena-za-nove-autore-i-publiku\/","title":{"rendered":"Vujovi\u0107: Na\u0161a vrata \u0161irom otvorena za nove autore i publiku"},"content":{"rendered":"<p><\/p>\n\n\n\n<p>Sandra Vujovi\u0107 je dramska knji\u017eevnica i kulturna menad\u017eerka sa bogatim iskustvom u savremenom teatru i kulturnim projektima. Ostvarila je zapa\u017eene rezultate kao autorka i rediteljka pozori\u0161nih predstava, filmskih i televizijskih scenarija, kao i edukativnih i multimedijalnih projekata. Kako isti\u010de i pored velikog posla na \u010delu jedne od najzna\u010dajnijih institucija kulture ostaje posve\u0107ena i krativnom radu, prije svega rade\u0107i na nezavisnim pozori\u0161nim projektima kroz \u201eBunt Scenu\u201c.<\/p>\n\n\n\n<p><strong>RTCG: Koje su Va\u0161e klju\u010dne prioritetne ta\u010dke za razvoj Gradskog pozori\u0161ta tokom mandata i na koje ste konkretne korake fokusirali pa\u017enju u prvoj godini?<\/strong><\/p>\n\n\n\n<p>Moj osnovni cilj je da vrata Gradskog pozori\u0161ta budu \u0161irom otvorena za nove autore, nove umjetnike, nove ideje i novu publiku. Teatar ne smije biti privilegija malog kruga ljudi. Od svog nastanka on pripada svima: on je mjesto susreta, prostor slobode, dijaloga i zajedni\u010dkog promi\u0161ljanja svijeta u kojem \u017eivimo. Zato smo pokrenuli novu scenu \u201eIndex\u201c, namijenjenu mladim umjetnicima i autorima na po\u010detku karijere. Zato smo otvorili stalni javni poziv za autore i autorske timove u okviru koga mogu predlagati ideje za nove predstave, pove\u0107ali broj produkcija i koprodukcija, intenzivirali me\u0111unarodnu i me\u0111uinstitucionalnu saradnju, kao i u\u010de\u0161\u0107e u evropskim projektima. Kao dramskoj knji\u017eevnici koja poznaje aktuelnu scenu, posebno mi je va\u017eno afirmisanje doma\u0107ih autora i savremenog dramskog pisma, jer Crna Gora posjeduje izuzetan stvarala\u010dki potencijal. Upravo na tim temeljima zasniva se moj \u010detvorogodi\u0161nji plan razvoja Gradskog pozori\u0161ta.<\/p>\n\n\n\n<p><strong>RTCG: Koliko je te\u0161ko preuzeti rukovo\u0111enje pozori\u0161tem u trenutku velikih infrastrukturnih i organizacionih promjena?<\/strong><\/p>\n\n\n\n<p>Bilo je izazovno, ali i izuzetno inspirativno. Imala sam privilegiju da preuzmem odgovornost uz sna\u017enu podr\u0161ku izuzetnog kolektiva Gradskog pozori\u0161ta \u2013 profesionalaca koji su svojim znanjem, iskustvom i posve\u0107eno\u0161\u0107u u\u010dinili da svaki izazov bude lak\u0161e savladiv. Tako\u0111e, imala sam punu podr\u0161ku gradona\u010delnika Mujovi\u0107a, njegovog tima, Savjeta Gradskog pozori\u0161ta, kao i kolega iz drugih institucija Glavnog grada. Ta vrsta povjerenja, solidarnosti i profesionalne saradnje u\u010dinila je da se i najzahtjevniji procesi odvijaju u atmosferi zajedni\u0161tva i me\u0111usobnog po\u0161tovanja.<\/p>\n\n\n\n<p><strong>RTCG: U kojoj je fazi novi objekat Gradskog pozori\u0161ta i kada o\u010dekujete potpuni zavr\u0161etak i useljenje?<\/strong><\/p>\n\n\n\n<p>U zavr\u0161noj fazi smo. Useljenje nas o\u010dekuje uskoro i to \u0107e, bez sumnje, biti najljep\u0161i poklon povodom 75 godina postojanja Gradskog pozori\u0161ta. Te\u0161ko da smo mogli po\u017eeljeti simboli\u010dniji i va\u017eniji jubilejski trenutak i ro\u0111endanski poklon.&nbsp;Sve klju\u010dne prepreke, koje su godinama usporavale proces okon\u010danja radova, su prevazi\u0111ene zahvaljuju\u0107i posve\u0107enosti i upornosti aktuelne gradske uprave, a naro\u010dito direktora Agencije za investicije Glavnog grada, gospodina Bajka Vu\u010di\u0107evi\u0107a, koji je u proteklom periodu ulo\u017eio izuzetne napore da se radovi privedu kraju. Sada se pribli\u017eavamo fazi opremanja zgrade inventarom, \u0161to je poslednja etapa pred useljenje. Tokom tog procesa, o\u010dekuje se da \u0107e biti okon\u010dan i tehni\u010dki prijem zgrade. Raduje me, \u0161to \u0107emo, uskoro mo\u0107i da otvorima vrata za publiku i to ba\u0161 u godini velikog jubileja.<\/p>\n\n\n\n<p><strong>RTCG: Postoje li rizici da se useljenje u novu zgradu ponovo odlo\u017ei i kako se pozori\u0161te priprema za takav scenario?<\/strong><\/p>\n\n\n\n<p>Na na\u0161e veliko zadovoljstvo, ne. U ovom trenutku nema naznaka novih odlaganja. Sve te\u010de po planu i to me iskreno raduje. Predugo su kolege iz Gradskog pozori\u0161ta i gra\u0111ani Podgorice \u010dekali na ovu zgradu. Bi\u0107e to jedan od najva\u017enijih doga\u0111aja na kulturnoj sceni i nova va\u017ena ta\u010dka na kulturnoj mapi Crne Gore i Glavnog grada.<\/p>\n\n\n\n<p><strong>RTCG: Da li nova zgrada nosi i novu programsku filozofiju Gradskog pozori\u0161ta?<\/strong><\/p>\n\n\n\n<p>Apsolutno. Gradsko pozori\u0161te danas je moderno, otvoreno i ambiciozno pozori\u0161te, sa sna\u017enim, talentovanim ansamblom i jasnom umjetni\u010dkom vizijom. Nova zgrada prati tu energiju i daje dodatni elan razvoju programa koji te\u017ei savremenim svjetskim pozori\u0161nim praksama, novim estetikama i hrabrim umjetni\u010dkim iskoracima.<\/p>\n\n\n\n<p><strong>RTCG: Planirate li nove modele komunikacije sa publikom, poput otvorenih proba ili razgovora nakon predstava?<\/strong><\/p>\n\n\n\n<p>Apsolutno. Kao \u0161to sam ve\u0107 istakla, na\u0161a vrata su \u0161irom otvorena. Smatram da je dijalog sa publikom su\u0161tinski dio savremenog pozori\u0161ta i da on oboga\u0107uje i umjetnike i gledaoce.<\/p>\n\n\n\n<p><strong>RTCG: Festival \u201eJago\u0161 Markovi\u0107\u201c, koji se ove godine odr\u017eao prvi put, ima sna\u017enu kulturnu viziju, kako vidite njegov razvoj u narednim godinama?<\/strong><\/p>\n\n\n\n<p>Festival ve\u0107 u svom prvom izdanju postavio je visoke standarde. Od januara postaje takmi\u010darski, a za selektorku je imenovana Ana Tasi\u0107, donedavna selektorka Sterijinog pozorja, \u0161to jasno govori o ambicijama i kvalitetu koji \u017eelimo da gradimo. Cilj nam je da festival kontinuirano raste i profili\u0161e se kao jedna od 3 najrelevantnije regionalne pozori\u0161ne smotre. U narednom periodu, intenzivno \u0107e se raditi na tome da njegov me\u0111unarodni karakter neprestano raste i prevazi\u0111e granice Zapadnog Balkana.<\/p>\n\n\n\n<p><strong>RTCG: Koliko je bilo zahtjevno pokrenuti novi me\u0111unarodni festival u uslovima ograni\u010denih resursa? Mo\u017ee li festival postati prepoznatljiv regionalni doga\u0111aj, poput Sterijinog pozorja ili MESS-a?<\/strong><\/p>\n\n\n\n<p>Vjerujem da mo\u017ee. Svaki veliki festival je nekada bio na po\u010detku, a ono \u0161to \u010dini razliku jeste jasno postavljena vizija, kontinuitet i kvalitet programa i zaista sjajna selektorka koju smatram na\u0161im velikim poja\u010danjem u timu. Festival Jago\u0161 Markovi\u0107 ve\u0107 u svom prvom izdanju pokazao je ozbiljnu ambiciju, umjetni\u010dki integritet i otvorenost prema regionalnoj saradnji. Uz pa\u017eljivo kuriranje programa, sna\u017enu selekciju, posve\u0107enost savremenom teatru i dosljednu institucionalnu podr\u0161ku, uvjerena sam da mo\u017ee izrasti u relevantnu regionalnu platformu, ne kao kopija postoje\u0107ih festivala, ve\u0107 kao autenti\u010dan prostor susreta razli\u010ditih poetika i pozori\u0161nih praksi. Bilo je izuzetno zahtjevno, ali i izuzetno motivi\u0161u\u0107e. Imali smo sna\u017enu podr\u0161ku gradona\u010delnika Glavnog grada i njegovog tima, a naro\u010dito predsjednice Skup\u0161tine Glavnog grada, gospo\u0111e Jelene Borovini\u0107 Bojovi\u0107, koja je i idejni tvorac festivala. To je najbolji dokaz da sna\u017ene i va\u017ene kulturne inicijative ne moraju uvijek dolaziti isklju\u010divo iz struke \u2013 ponekad dolaze iz iskrene potrebe zajednice.<\/p>\n\n\n\n<p>Prvo izdanje festivala okupilo je zna\u010dajna regionalna imena, imalo sna\u017ean odjek u javnosti, izuzetnu posje\u0107enost i rasprodate predstave, \u0161to nam daje \u010dvrst temelj da ga razvijamo u ozbiljan me\u0111unarodni doga\u0111aj.<\/p>\n\n\n\n<p><strong>RTCG: Koliko kulturne politike Glavnog grada prate realne potrebe Gradskog pozori\u0161ta?<\/strong><\/p>\n\n\n\n<p>U ovom trenutku, moram re\u0107i da dobrim dijelom prate. Ono \u0161to me raduje je \u010dinjenica da postoji sve jasnija svijest o va\u017enosti kontinuiranog ulaganja u kulturu i njen razvoj. To ohrabruje, jer bez sistemske podr\u0161ke nema ni dugoro\u010dnih rezultata. Kultura zahtijeva strpljenje, kontinuitet i ozbiljnu posve\u0107enost. \u010cinjenica da su karte za Festival \u201eJago\u0161 Markovi\u0107\u201c rasprodate u jednom danu, da su sale bile ispunjene do posljednjeg mjesta i da se konstantno tra\u017eila karta vi\u0161e, govori vi\u0161e od bilo koje analize. To jasno pokazuje da publika postoji, da ima potrebu i \u017eelju za kvalitetnim, savremenim pozori\u0161tem. Istovremeno, sve ve\u0107i broj umjetnika koji danas stvaraju u Podgorici, naro\u010dito na nezavisnoj sceni, svjedo\u010di o sna\u017enom kreativnom potencijalu koji prevazilazi postoje\u0107e prostorne kapacitete. Zato smatram da kulturne politike moraju i\u0107i korak dalje, ne samo u ja\u010danju postoje\u0107ih institucija, ve\u0107 i u stvaranju novih prostora za izra\u017eavanje. I ne mislim pritom na novu zgradu Gradskog pozori\u0161ta, ve\u0107 na potrebu za dodatnom, fleksibilnom scenom namijenjenom savremenom, eksperimentalnom i autorskom teatru koji nastaje van institucionalnih okvira. Takav prostor bio bi prirodan nastavak razvoja kulturne scene i jasan signal da Grad prepoznaje i podr\u017eava \u017eivu, dinami\u010dnu umjetni\u010dku energiju koja u njemu postoji. Podgorica je Evropska prijestonica mladih, a mladi su novi talas kreativne energije, nova stvarala\u010dka snaga kojoj treba njen prostor za stvaranje. Obaveza svih nas koji smo na menad\u017eerskim pozicijama i pozicijama odlu\u010divanja je da im to obezbijedimo. Mladi su budu\u0107nost. Zato Gradsko pozori\u0161te decenijama njeguje dje\u010dju scenu, a od januara \u0107emo razvijati i scenu za mlade, Index.<\/p>\n\n\n\n<p><strong>RTCG: Kako planirate pobolj\u0161ati finansijsku stabilnost i odr\u017eivost pozori\u0161ta?<\/strong><\/p>\n\n\n\n<p>Klju\u010d je u diverzifikaciji \u2013 u razvoju razli\u010ditih modela finansiranja, ali prije svega u stvaranju povjerenja publike. Kada publika prepozna kvalitet, kada se ve\u017ee za instituciju, tada se gradi i dugoro\u010dna stabilnost. To je proces koji tra\u017ei vrijeme, dosljednost i ozbiljan rad, ali donosi trajne rezultate.<\/p>\n\n\n\n<p><strong>RTCG: Preuzeli ste ulogu menad\u017eera jedne va\u017ene institucije kulture. Koliko Vas taj posao udaljava od Va\u0161eg dosada\u0161njeg kreativnog rada?<\/strong><\/p>\n\n\n\n<p>Prili\u010dno, ali nikada u potpunosti. Stvarala\u0161tvo je sastavni dio mog bi\u0107a i bez njega ne mogu. Upravo paralelno s ovim poslom, u okviru Bunt Scene, radim na novoj predstavi \u201eKrevet od li\u0161\u0107a\u201c, nastaloj po tekstu Katarine Nikoli\u0107, \u010dija je premijera zakazana za 30. januar 2026. godine u sali Dodest. U predstavi igraju Milica Keki\u0107, Mirjana Spai\u0107 i \u0110or\u0111ije Tati\u0107. To je moj na\u010din da ostanem u neposrednom kontaktu sa umjetno\u0161\u0107u jer vjerujem da se upravljanje kulturom najbolje razumije iz same njene unutra\u0161njosti. Da bih mogla kvalitetno da upravljam pozori\u0161tem, moram istovremeno i da stvaram pozori\u0161te.<\/p>\n\n\n\n<p><strong>RTCG: \u0160ta ste za ovo relativno kratko vrijeme na tom polju dobili ili izgubili?<\/strong><\/p>\n\n\n\n<p>Ne osje\u0107am da sam i\u0161ta izgubila. Naprotiv. Stekla sam nova znanja, nova iskustva, upoznala izuzetne ljude i izgradila vrijedna profesionalna i ljudska prijateljstva. To je bogatstvo koje ostaje i koje me dodatno motivi\u0161e da nastavim dalje. Ispred mene je godina u kojoj \u0107emo imati \u010dak devet novih naslova u Gradskom pozori\u0161tu. \u0160est samostalnih produkcija i tri koprodukcije. To je, do sada, najambiciozniji godi\u0161nji plan Gradskog pozori\u0161ta, ali iskreno vjerujem u sjajne kolege iz ansambla, produkcije i scenske tehnike i znam da \u0107emo, uz dobru organizaciju, sve to posti\u0107i i da \u0107emo imati jednu izuzetnu jubilarnu godinu koju \u0107emo svi pamtiti po brojnim uspjesima.<\/p>","protected":false},"excerpt":{"rendered":"<p>Dramska knji\u017eevnica i kulturna menad\u017eerka Sandra Vujovi\u0107 na \u010delu je Gradskog pozori\u0161ta Podgorica, koje prolazi kroz velike infrastrukturne i programske promjene. U ovoj godini, kako je navela Vujovi\u0107, u\u0107i\u0107e i u novu zgradu koju \u010dekaju decenijama. Za Portal RTCG govori o viziji savremenog, otvorenog teatra, afirmaciji doma\u0107ih autora i mladih umjetnika, kao i o novim programskim iskoracima koji Gradsko pozori\u0161te pozicionira kao klju\u010dnu instituciju kulturne scene Crne Gore.<\/p>","protected":false},"author":4,"featured_media":897795,"comment_status":"open","ping_status":"open","sticky":false,"template":"","format":"standard","meta":{"_acf_changed":false,"footnotes":"","jetpack_publicize_message":"","jetpack_publicize_feature_enabled":true,"jetpack_social_post_already_shared":false,"jetpack_social_options":{"image_generator_settings":{"template":"highway","default_image_id":0,"font":"","enabled":false},"version":2}},"categories":[11],"tags":[16314,13098,10874],"naslovna":[],"class_list":["post-897794","post","type-post","status-publish","format-standard","has-post-thumbnail","hentry","category-kultura","tag-novi-autori","tag-publika","tag-sandra-vujovic"],"acf":[],"jetpack_publicize_connections":[],"_links":{"self":[{"href":"https:\/\/gradski.me\/en\/wp-json\/wp\/v2\/posts\/897794","targetHints":{"allow":["GET"]}}],"collection":[{"href":"https:\/\/gradski.me\/en\/wp-json\/wp\/v2\/posts"}],"about":[{"href":"https:\/\/gradski.me\/en\/wp-json\/wp\/v2\/types\/post"}],"author":[{"embeddable":true,"href":"https:\/\/gradski.me\/en\/wp-json\/wp\/v2\/users\/4"}],"replies":[{"embeddable":true,"href":"https:\/\/gradski.me\/en\/wp-json\/wp\/v2\/comments?post=897794"}],"version-history":[{"count":0,"href":"https:\/\/gradski.me\/en\/wp-json\/wp\/v2\/posts\/897794\/revisions"}],"wp:featuredmedia":[{"embeddable":true,"href":"https:\/\/gradski.me\/en\/wp-json\/wp\/v2\/media\/897795"}],"wp:attachment":[{"href":"https:\/\/gradski.me\/en\/wp-json\/wp\/v2\/media?parent=897794"}],"wp:term":[{"taxonomy":"category","embeddable":true,"href":"https:\/\/gradski.me\/en\/wp-json\/wp\/v2\/categories?post=897794"},{"taxonomy":"post_tag","embeddable":true,"href":"https:\/\/gradski.me\/en\/wp-json\/wp\/v2\/tags?post=897794"},{"taxonomy":"naslovna","embeddable":true,"href":"https:\/\/gradski.me\/en\/wp-json\/wp\/v2\/naslovna?post=897794"}],"curies":[{"name":"wp","href":"https:\/\/api.w.org\/{rel}","templated":true}]}}