{"id":897754,"date":"2026-01-07T19:31:00","date_gmt":"2026-01-07T18:31:00","guid":{"rendered":"https:\/\/new.gradski.me\/uncategorized\/bijela-kuca-sad-razmatraju-opcije-za-preuzimanje-grenlanda\/"},"modified":"2026-01-07T19:31:00","modified_gmt":"2026-01-07T18:31:00","slug":"bijela-kuca-sad-razmatraju-opcije-za-preuzimanje-grenlanda","status":"publish","type":"post","link":"https:\/\/gradski.me\/en\/svijet\/bijela-kuca-sad-razmatraju-opcije-za-preuzimanje-grenlanda\/","title":{"rendered":"White House: US considering options for taking over Greenland\u00a0"},"content":{"rendered":"<p><\/p>\n\n\n\n<p>Kako su za taj britanski medij rekli, preuzimanje Grenlanda je &#8222;prioritet nacionalne bezbjednosti&#8220;.<\/p>\n\n\n\n<p>&#8222;Predsjednik i njegov tim raspravljaju o nizu opcija za postizanje ovog va\u017enog cilja vanjske politike i, naravno, kori\u0161\u0107enje ameri\u010dke vojske uvijek je opcija koja je na raspolaganju vrhovnom zapovjedniku&#8220;, kazali su iz Bijele ku\u0107e, prenosi Radio Slobodna Evropa.<\/p>\n\n\n\n<p>Tramp je tokom vikenda ponovio da je Grenland &#8222;potreban&#8220; SAD-u iz bezbjednosnih razloga, \u0161to je navelo dansku premijerku Mete Frederiksen da upozori da bi svaki napad SAD-a ozna\u010dio kraj NATO-a.<\/p>\n\n\n\n<p>Iz Grenlanda su vi\u0161e puta naveli da ne \u017eele da budu dio SAD-a.&nbsp;<\/p>\n\n\n\n<p>Lideri vode\u0107ih evropskih zemalja izrazili su podr\u0161ku Danskoj i Grenlandu, navode\u0107i u zajedni\u010dkom saop\u0161tenju da to arkti\u010dko ostrvo pripada njegovom narodu.<\/p>\n\n\n\n<p>Saveznici, uklju\u010duju\u0107i Francusku i Njema\u010dku, blisko sara\u0111uju na planu kako odgovoriti ako SAD djeluju na temelju svoje prijetnje preuzimanjem Grenlanda.&nbsp;<\/p>\n\n\n\n<p>Francuski ministar vanjskih poslova \u017dan Noel Barot rekao je da \u0107e se ta tema pokrenuti i na sastanku s ministrima vanjskih poslova Njema\u010dke i Poljske.<\/p>\n\n\n\n<p>&#8222;\u017delimo preduzeti mjere, ali to \u017eelimo u\u010diniti zajedno sa na\u0161im evropskim partnerima&#8220;, kazao je on.<\/p>\n\n\n\n<p>Izvor iz njema\u010dke vlade odvojeno je rekao da Njema\u010dka &#8222;blisko sara\u0111uje sa drugim evropskim zemljama i Danskom na sljede\u0107im koracima u vezi s Grenlandom&#8220;.<\/p>\n\n\n\n<p>Grenland, najve\u0107e ostrvo na svijetu sa populacijom od 57 hiljada ljudi, nije nezavisni \u010dlan NATO-a, ali je obuhva\u0107en \u010dlanstvom Danske u zapadnom vojnom savezu.<\/p>\n\n\n\n<p>Ameri\u010dko preuzimanje Grenlanda vojnim putem od dugogodi\u0161njeg saveznika Danske izazvalo bi \u0161okove unutar NATO saveza i dodatno produbilo razdor izme\u0111u Trampa i evropskih lidera.<\/p>\n\n\n\n<p>Protivljenje lidera nije odvratilo Trampa od razmatranja kako da Grenland u\u010dini ameri\u010dkim sredi\u0161tem u podru\u010dju za koje postoji sve ve\u0107i interes Rusije i Kine.<\/p>\n\n\n\n<p>&nbsp;Trampov interes, koji je prvi put izra\u017een 2019. tokom njegovog prvog mandata, ponovno se probudio posljednjih dana nakon ameri\u010dkog hap\u0161enja svrgnutog venecuelanskog predsjednika Nikolasa Madura.<\/p>\n\n\n\n<p>Prema pisanju Rojtersa, anonimni visoki zvani\u010dnik je rekao da Tramp i njegovi savjetnici razmatraju razli\u010dite na\u010dine za preuzimanje Grenlanda.<\/p>\n\n\n\n<p>Te opcije uklju\u010duju i direktnu kupovinu Grenlanda, ili sklapanja sporazuma o slobodnom udru\u017eivanju.<\/p>\n\n\n\n<p>&#8222;Diplomatija je uvijek prva opcija predsjednika u bilo \u010demu, kao i sklapanje dogovora. On voli dogovore. Dakle, ako se mo\u017ee posti\u0107i dobar dogovor o preuzimanju Grenlanda, to bi definitivno bio njegov prvi instinkt,&#8220; rekao je zvani\u010dnik.<\/p>\n\n\n\n<p>I ameri\u010dki dr\u017eavni sekretar Marko Rubio je kazao na tajnom brifingu da administracija ne planira invaziju na Grenland, ve\u0107 je umjesto toga spomenuo kupovinu ostrva od Danske, prenosi BBC.<\/p>\n\n\n\n<p>\u010clanovi Kongresa, me\u0111u njima i republikanci, usprotivili su se komentarima administracije o Grenlandu, napominju\u0107i da je Danska, \u010dlanica NATO-a, lojalni saveznik SAD-a.&nbsp;<\/p>\n\n\n\n<p>Zvani\u010dnici administracije ka\u017eu da je ostrvo klju\u010dno za SAD zbog svojih nalazi\u0161ta minerala koji su va\u017eni za visokotehnolo\u0161ke i vojne primjene.<\/p>\n\n\n\n<p>Grenland ima samoupravu od 1979. godine, a odbrana i vanjska politika su i dalje u rukama Danske.&nbsp;<\/p>\n\n\n\n<p>Dok ve\u0107ina stanovnika ostrva podr\u017eava eventualnu nezavisnost od Danske, ankete pokazuju ogromno protivljenje pripajanju SAD-u, koje tu ve\u0107 imaju vojnu bazu.<\/p>","protected":false},"excerpt":{"rendered":"<p>Predsjednik Sjedinjenih Ameri\u010dkih Dr\u017eava (SAD) Donald Tramp razgovarao je o &#8222;nizu opcija&#8220; za preuzimanje Grenlanda, uklju\u010duju\u0107i i upotrebu vojske, saop\u0161teno je iz Bijele ku\u0107e, prenosi BBC.<\/p>","protected":false},"author":4,"featured_media":897755,"comment_status":"open","ping_status":"open","sticky":false,"template":"","format":"standard","meta":{"_acf_changed":false,"footnotes":"","jetpack_publicize_message":"","jetpack_publicize_feature_enabled":true,"jetpack_social_post_already_shared":false,"jetpack_social_options":{"image_generator_settings":{"template":"highway","default_image_id":0,"font":"","enabled":false},"version":2}},"categories":[14],"tags":[1992,5710,16285,70],"naslovna":[],"class_list":["post-897754","post","type-post","status-publish","format-standard","has-post-thumbnail","hentry","category-svijet","tag-bijela-kuca","tag-opcije","tag-preuzimanje-grenlanda","tag-sad"],"acf":[],"jetpack_publicize_connections":[],"_links":{"self":[{"href":"https:\/\/gradski.me\/en\/wp-json\/wp\/v2\/posts\/897754","targetHints":{"allow":["GET"]}}],"collection":[{"href":"https:\/\/gradski.me\/en\/wp-json\/wp\/v2\/posts"}],"about":[{"href":"https:\/\/gradski.me\/en\/wp-json\/wp\/v2\/types\/post"}],"author":[{"embeddable":true,"href":"https:\/\/gradski.me\/en\/wp-json\/wp\/v2\/users\/4"}],"replies":[{"embeddable":true,"href":"https:\/\/gradski.me\/en\/wp-json\/wp\/v2\/comments?post=897754"}],"version-history":[{"count":0,"href":"https:\/\/gradski.me\/en\/wp-json\/wp\/v2\/posts\/897754\/revisions"}],"wp:featuredmedia":[{"embeddable":true,"href":"https:\/\/gradski.me\/en\/wp-json\/wp\/v2\/media\/897755"}],"wp:attachment":[{"href":"https:\/\/gradski.me\/en\/wp-json\/wp\/v2\/media?parent=897754"}],"wp:term":[{"taxonomy":"category","embeddable":true,"href":"https:\/\/gradski.me\/en\/wp-json\/wp\/v2\/categories?post=897754"},{"taxonomy":"post_tag","embeddable":true,"href":"https:\/\/gradski.me\/en\/wp-json\/wp\/v2\/tags?post=897754"},{"taxonomy":"naslovna","embeddable":true,"href":"https:\/\/gradski.me\/en\/wp-json\/wp\/v2\/naslovna?post=897754"}],"curies":[{"name":"wp","href":"https:\/\/api.w.org\/{rel}","templated":true}]}}