{"id":897662,"date":"2026-01-07T12:33:00","date_gmt":"2026-01-07T11:33:00","guid":{"rendered":"https:\/\/new.gradski.me\/uncategorized\/kolic-stanje-u-bijelom-polju-stabilno-vodostaji-u-padu\/"},"modified":"2026-01-07T12:33:00","modified_gmt":"2026-01-07T11:33:00","slug":"kolic-stanje-u-bijelom-polju-stabilno-vodostaji-u-padu","status":"publish","type":"post","link":"https:\/\/gradski.me\/en\/drustvo\/kolic-stanje-u-bijelom-polju-stabilno-vodostaji-u-padu\/","title":{"rendered":"Koli\u0107: Stanje u Bijelom Polju stabilno, vodostaji u padu"},"content":{"rendered":"<p><\/p>\n\n\n\n<p>Kako je naveo, ekipe su na terenu i tokom dana bilo je intervencija na nekoliko lokacija, uglavnom kada je rije\u010d o crpljenju vode iz pomo\u0107nih objekata, gara\u017ea i podruma.<\/p>\n\n\n\n<p>\u201eSlu\u017eba komunalnog preduze\u0107a intervenisala je na jednoj lokaciji, gdje je uklonjeno stablo koje se nasukalo na mostu u Zeki\u0107a Rijeci. De\u017eurne ekipe redovno obilaze sva kriti\u010dna mjesta, a nivo vodostaja je osjetno u padu\u201c, kazao je Koli\u0107.<\/p>\n\n\n\n<p>On je ovom prilikom pohvalio odli\u010dnu saradnju svih lokalnih slu\u017ebi koje su, kako je istakao, 24 sata pripravne, na terenu i daju maksimum u radu.<\/p>\n\n\n\n<p>Koli\u0107 je dodao da \u0107e sanacione mjere biti donesene na sastanku Op\u0161tinskog \u0161taba, kada se za to steknu uslovi.<\/p>","protected":false},"excerpt":{"rendered":"<p>Na\u010delnik Slu\u017ebe za\u0161tite i spa\u0161avanja Bijelo Polje Edin Koli\u0107 saop\u0161tio je da je stanje na teritoriji te op\u0161tine danas stabilno.<\/p>","protected":false},"author":4,"featured_media":897663,"comment_status":"open","ping_status":"open","sticky":false,"template":"","format":"standard","meta":{"_acf_changed":false,"footnotes":"","jetpack_publicize_message":"","jetpack_publicize_feature_enabled":true,"jetpack_social_post_already_shared":false,"jetpack_social_options":{"image_generator_settings":{"template":"highway","default_image_id":0,"font":"","enabled":false},"version":2}},"categories":[9],"tags":[1347,188,16173],"naslovna":[],"class_list":["post-897662","post","type-post","status-publish","format-standard","has-post-thumbnail","hentry","category-drustvo","tag-bijelo-polje","tag-crna-gora","tag-vodostaji"],"acf":[],"jetpack_publicize_connections":[],"_links":{"self":[{"href":"https:\/\/gradski.me\/en\/wp-json\/wp\/v2\/posts\/897662","targetHints":{"allow":["GET"]}}],"collection":[{"href":"https:\/\/gradski.me\/en\/wp-json\/wp\/v2\/posts"}],"about":[{"href":"https:\/\/gradski.me\/en\/wp-json\/wp\/v2\/types\/post"}],"author":[{"embeddable":true,"href":"https:\/\/gradski.me\/en\/wp-json\/wp\/v2\/users\/4"}],"replies":[{"embeddable":true,"href":"https:\/\/gradski.me\/en\/wp-json\/wp\/v2\/comments?post=897662"}],"version-history":[{"count":0,"href":"https:\/\/gradski.me\/en\/wp-json\/wp\/v2\/posts\/897662\/revisions"}],"wp:featuredmedia":[{"embeddable":true,"href":"https:\/\/gradski.me\/en\/wp-json\/wp\/v2\/media\/897663"}],"wp:attachment":[{"href":"https:\/\/gradski.me\/en\/wp-json\/wp\/v2\/media?parent=897662"}],"wp:term":[{"taxonomy":"category","embeddable":true,"href":"https:\/\/gradski.me\/en\/wp-json\/wp\/v2\/categories?post=897662"},{"taxonomy":"post_tag","embeddable":true,"href":"https:\/\/gradski.me\/en\/wp-json\/wp\/v2\/tags?post=897662"},{"taxonomy":"naslovna","embeddable":true,"href":"https:\/\/gradski.me\/en\/wp-json\/wp\/v2\/naslovna?post=897662"}],"curies":[{"name":"wp","href":"https:\/\/api.w.org\/{rel}","templated":true}]}}