{"id":897615,"date":"2026-01-07T08:23:00","date_gmt":"2026-01-07T07:23:00","guid":{"rendered":"https:\/\/new.gradski.me\/uncategorized\/dukaj-cestitao-dan-opstine-mojkovac-grad-bogate-istorije-slobodarskih-tradicija-i-izuzetnog-prirodnog-okruzenja\/"},"modified":"2026-01-07T08:23:00","modified_gmt":"2026-01-07T07:23:00","slug":"dukaj-cestitao-dan-opstine-mojkovac-grad-bogate-istorije-slobodarskih-tradicija-i-izuzetnog-prirodnog-okruzenja","status":"publish","type":"post","link":"https:\/\/gradski.me\/en\/drustvo\/dukaj-cestitao-dan-opstine-mojkovac-grad-bogate-istorije-slobodarskih-tradicija-i-izuzetnog-prirodnog-okruzenja\/","title":{"rendered":"Dukaj \u010destitao Dan op\u0161tine Mojkovac: Grad bogate istorije, slobodarskih tradicija i izuzetnog prirodnog okru\u017eenja"},"content":{"rendered":"<p>&#8222;Mojkovac, grad bogate istorije, slobodarskih tradicija i izuzetnog prirodnog okru\u017eenja, zauzima posebno mjesto u istorijskom i kulturnom identitetu Crne Gore. Njegov zna\u010daj, naro\u010dito u kontekstu o\u010duvanja dr\u017eavnosti i nacionalnog dostojanstva, predstavlja trajnu inspiraciju i obavezu za odgovorno upravljanje i odr\u017eivi razvoj&#8220;, kazao je Dukaj.<\/p>\n\n\n\n<p>Kako je kazao, Ministarstvo javne uprave ostaje posve\u0107eno sna\u017eenju kapaciteta lokalnih samouprava, unapre\u0111enju efikasnosti i transparentnosti rada op\u0161tinskih organa, kao i ja\u010danju saradnje sa Op\u0161tinom Mojkovac, sa ciljem stvaranja uprave koja je u potpunosti u slu\u017ebi gra\u0111ana.<\/p>\n\n\n\n<p>&#8222;Uz uvjerenje da \u0107e Mojkovac nastaviti putem razvoja zasnovanog na svojim potencijalima, o\u010duvanju prirodnih resursa i ja\u010danju zajedni\u0161tva, jo\u0161 jednom vam \u010destitam Dan op\u0161tine&#8220;, zaklju\u010dio je Dukaj.<\/p>\n\n\n\n<p><\/p>","protected":false},"excerpt":{"rendered":"<p>Povodom Dana op\u0161tine Mojkovac, upu\u0107ujem iskrene \u010destitke predsjedniku Op\u0161tine i predsjednku Skup\u0161tine, zaposlenima u lokalnoj samoupravi, kao i svim\u00a0 gra\u0111ankama i gra\u0111anima Mojkovca uz \u017eelju za dalji napredak, saop\u0161tio je ministar javne uprave Mara\u0161 Dukaj.<\/p>","protected":false},"author":1,"featured_media":897616,"comment_status":"open","ping_status":"open","sticky":false,"template":"","format":"standard","meta":{"_acf_changed":false,"footnotes":"","jetpack_publicize_message":"","jetpack_publicize_feature_enabled":true,"jetpack_social_post_already_shared":false,"jetpack_social_options":{"image_generator_settings":{"template":"highway","default_image_id":0,"font":"","enabled":false},"version":2}},"categories":[9],"tags":[786,16225,129],"naslovna":[],"class_list":["post-897615","post","type-post","status-publish","format-standard","has-post-thumbnail","hentry","category-drustvo","tag-cestitka","tag-dan-opstine-mojkovac","tag-maras-dukaj"],"acf":[],"jetpack_publicize_connections":[],"_links":{"self":[{"href":"https:\/\/gradski.me\/en\/wp-json\/wp\/v2\/posts\/897615","targetHints":{"allow":["GET"]}}],"collection":[{"href":"https:\/\/gradski.me\/en\/wp-json\/wp\/v2\/posts"}],"about":[{"href":"https:\/\/gradski.me\/en\/wp-json\/wp\/v2\/types\/post"}],"author":[{"embeddable":true,"href":"https:\/\/gradski.me\/en\/wp-json\/wp\/v2\/users\/1"}],"replies":[{"embeddable":true,"href":"https:\/\/gradski.me\/en\/wp-json\/wp\/v2\/comments?post=897615"}],"version-history":[{"count":0,"href":"https:\/\/gradski.me\/en\/wp-json\/wp\/v2\/posts\/897615\/revisions"}],"wp:featuredmedia":[{"embeddable":true,"href":"https:\/\/gradski.me\/en\/wp-json\/wp\/v2\/media\/897616"}],"wp:attachment":[{"href":"https:\/\/gradski.me\/en\/wp-json\/wp\/v2\/media?parent=897615"}],"wp:term":[{"taxonomy":"category","embeddable":true,"href":"https:\/\/gradski.me\/en\/wp-json\/wp\/v2\/categories?post=897615"},{"taxonomy":"post_tag","embeddable":true,"href":"https:\/\/gradski.me\/en\/wp-json\/wp\/v2\/tags?post=897615"},{"taxonomy":"naslovna","embeddable":true,"href":"https:\/\/gradski.me\/en\/wp-json\/wp\/v2\/naslovna?post=897615"}],"curies":[{"name":"wp","href":"https:\/\/api.w.org\/{rel}","templated":true}]}}