{"id":897589,"date":"2026-01-07T06:00:00","date_gmt":"2026-01-07T05:00:00","guid":{"rendered":"https:\/\/new.gradski.me\/uncategorized\/danas-oblacno-sa-kisom-na-sjeveru-snijeg\/"},"modified":"2026-01-07T06:00:00","modified_gmt":"2026-01-07T05:00:00","slug":"danas-oblacno-sa-kisom-na-sjeveru-snijeg","status":"publish","type":"post","link":"https:\/\/gradski.me\/en\/drustvo\/danas-oblacno-sa-kisom-na-sjeveru-snijeg\/","title":{"rendered":"Danas obla\u010dno sa ki\u0161om, na sjeveru snijeg"},"content":{"rendered":"<p><\/p>\n\n\n\n<p>Kako je saop\u0161teno iz Zavoda za hidrometeorologiju i seizmologiju, na sjeveru u jutarnjim satima u planinama snijeg, koji \u0107e se tokom dana pro\u0161iriti i na ni\u017ee predjele, a tokom no\u0107i i na planine ju\u017enih i centralnih oblasti.<\/p>\n\n\n\n<p>Vjetar \u0107e biti mjestimi\u010dno i povremeno umjeren do poja\u010dan, ju\u017enih smjerova, du\u017e obale krajem dana i tokom no\u0107i sjeverni u poja\u010danju.<\/p>\n\n\n\n<p>Jutarnja temperatura vazduha od minus tri do 12, najvi\u0161a dnevna od nula do 15 stepeni.<\/p>","protected":false},"excerpt":{"rendered":"<p>U Crnoj Gori danas \u0107e biti obla\u010dno sa ki\u0161om, a mjestimi\u010dno se o\u010dekuju i pljuskovi pra\u0107eni grmljavinom.<\/p>","protected":false},"author":4,"featured_media":897590,"comment_status":"open","ping_status":"open","sticky":false,"template":"","format":"standard","meta":{"_acf_changed":false,"footnotes":"","jetpack_publicize_message":"","jetpack_publicize_feature_enabled":true,"jetpack_social_post_already_shared":false,"jetpack_social_options":{"image_generator_settings":{"template":"highway","default_image_id":0,"font":"","enabled":false},"version":2}},"categories":[9],"tags":[740,741,2537,748],"naslovna":[],"class_list":["post-897589","post","type-post","status-publish","format-standard","has-post-thumbnail","hentry","category-drustvo","tag-kisa","tag-oblacno","tag-sjever","tag-snijeg"],"acf":[],"jetpack_publicize_connections":[],"_links":{"self":[{"href":"https:\/\/gradski.me\/en\/wp-json\/wp\/v2\/posts\/897589","targetHints":{"allow":["GET"]}}],"collection":[{"href":"https:\/\/gradski.me\/en\/wp-json\/wp\/v2\/posts"}],"about":[{"href":"https:\/\/gradski.me\/en\/wp-json\/wp\/v2\/types\/post"}],"author":[{"embeddable":true,"href":"https:\/\/gradski.me\/en\/wp-json\/wp\/v2\/users\/4"}],"replies":[{"embeddable":true,"href":"https:\/\/gradski.me\/en\/wp-json\/wp\/v2\/comments?post=897589"}],"version-history":[{"count":0,"href":"https:\/\/gradski.me\/en\/wp-json\/wp\/v2\/posts\/897589\/revisions"}],"wp:featuredmedia":[{"embeddable":true,"href":"https:\/\/gradski.me\/en\/wp-json\/wp\/v2\/media\/897590"}],"wp:attachment":[{"href":"https:\/\/gradski.me\/en\/wp-json\/wp\/v2\/media?parent=897589"}],"wp:term":[{"taxonomy":"category","embeddable":true,"href":"https:\/\/gradski.me\/en\/wp-json\/wp\/v2\/categories?post=897589"},{"taxonomy":"post_tag","embeddable":true,"href":"https:\/\/gradski.me\/en\/wp-json\/wp\/v2\/tags?post=897589"},{"taxonomy":"naslovna","embeddable":true,"href":"https:\/\/gradski.me\/en\/wp-json\/wp\/v2\/naslovna?post=897589"}],"curies":[{"name":"wp","href":"https:\/\/api.w.org\/{rel}","templated":true}]}}