{"id":897579,"date":"2026-01-06T20:02:00","date_gmt":"2026-01-06T19:02:00","guid":{"rendered":"https:\/\/new.gradski.me\/uncategorized\/radovic-sanacija-puta-na-jelovici-u-toku-sve-troskove-snosice-kompanija-hidroenergija\/"},"modified":"2026-01-06T20:02:00","modified_gmt":"2026-01-06T19:02:00","slug":"radovic-sanacija-puta-na-jelovici-u-toku-sve-troskove-snosice-kompanija-hidroenergija","status":"publish","type":"post","link":"https:\/\/gradski.me\/en\/drustvo\/radovic-sanacija-puta-na-jelovici-u-toku-sve-troskove-snosice-kompanija-hidroenergija\/","title":{"rendered":"Radovi\u0107: Sanacija puta na Jelovici u toku, sve tro\u0161kove snosi\u0107e kompanija Hidroenergija"},"content":{"rendered":"<p><\/p>\n\n\n\n<p>Radovi\u0107 je podsjetio da je u Op\u0161tini Berane, usljed obilnih padavina, do\u0161lo je do pomjeranja tla \u0161to je dovelo do pucanja cjevovoda na maloj hidroelektrani (mHE) Jelovica 1 koju je izgradila kompanija Hidroenergija.<\/p>\n\n\n\n<p>&#8222;Kako svjedo\u010dimo ve\u0107 nekoliko dana, jako nevrijeme pra\u0107eno velikom koli\u010dinom padavina zahvatilo je cijelu Crnu Goru, i ovakve situacije se u takvim prilikama na\u017ealost mogu dogoditi. Isti\u010demo da je ovo prvi put, od kada je mHE Jelovica 1 izgra\u0111ena, da se de\u0161ava ovakva situacija. Izvinjavamo se gra\u0111anima zbog trenutne nemogu\u0107nosti kori\u0161\u0107enja ovog dijela puta. Ekipe su na terenu i u toku je sanacija \u0161tete. Isti\u010demo da radovi ne\u0107e biti obustavljeni dok se ne sanira put i vrati u pre\u0111a\u0161nje stanje&#8220;, naveo je Radovi\u0107.<\/p>\n\n\n\n<p>Kako je naglasio, po okon\u010danju sanacije puta, nadle\u017eni dr\u017eavni organi izvr\u0161i\u0107e inspekcijski nadzor kako bi provjerili izvedene radove, nakon \u010dega \u0107e put biti predat na upotrebu gra\u0111anima.<\/p>\n\n\n\n<p>&#8222;Nagla\u0161avamo da svu nastalu \u0161tetu oko cjevovoda i sanacije plati\u0107e isklju\u010divo kompanija Hidroenergija&#8220;, kazao je Radovi\u0107.<\/p>","protected":false},"excerpt":{"rendered":"<p>Ranko Radovi\u0107 iz kompanije Hidroenergija izvinio se gra\u0111anima zbog toga \u0161to ne mogu koristiti put Berane-Kola\u0161in preko Jelovice zbog pucanja cjevovoda na maloj hidroelektrani (mHE) Jelovica usljed \u010dega je o\u0161te\u0107en put. Naglasio je da je u toku sanacija \u0107e sve tro\u0161kove snositi isklju\u010divo kompanija Hidroenergija.<\/p>","protected":false},"author":4,"featured_media":897580,"comment_status":"open","ping_status":"open","sticky":false,"template":"","format":"standard","meta":{"_acf_changed":false,"footnotes":"","jetpack_publicize_message":"","jetpack_publicize_feature_enabled":true,"jetpack_social_post_already_shared":false,"jetpack_social_options":{"image_generator_settings":{"template":"highway","default_image_id":0,"font":"","enabled":false},"version":2}},"categories":[9],"tags":[15271,16203,15169,11808,3616],"naslovna":[],"class_list":["post-897579","post","type-post","status-publish","format-standard","has-post-thumbnail","hentry","category-drustvo","tag-jelovica","tag-kompanija-hidroenergija","tag-ranko-radovic","tag-sanacija-puta","tag-troskovi"],"acf":[],"jetpack_publicize_connections":[],"_links":{"self":[{"href":"https:\/\/gradski.me\/en\/wp-json\/wp\/v2\/posts\/897579","targetHints":{"allow":["GET"]}}],"collection":[{"href":"https:\/\/gradski.me\/en\/wp-json\/wp\/v2\/posts"}],"about":[{"href":"https:\/\/gradski.me\/en\/wp-json\/wp\/v2\/types\/post"}],"author":[{"embeddable":true,"href":"https:\/\/gradski.me\/en\/wp-json\/wp\/v2\/users\/4"}],"replies":[{"embeddable":true,"href":"https:\/\/gradski.me\/en\/wp-json\/wp\/v2\/comments?post=897579"}],"version-history":[{"count":0,"href":"https:\/\/gradski.me\/en\/wp-json\/wp\/v2\/posts\/897579\/revisions"}],"wp:featuredmedia":[{"embeddable":true,"href":"https:\/\/gradski.me\/en\/wp-json\/wp\/v2\/media\/897580"}],"wp:attachment":[{"href":"https:\/\/gradski.me\/en\/wp-json\/wp\/v2\/media?parent=897579"}],"wp:term":[{"taxonomy":"category","embeddable":true,"href":"https:\/\/gradski.me\/en\/wp-json\/wp\/v2\/categories?post=897579"},{"taxonomy":"post_tag","embeddable":true,"href":"https:\/\/gradski.me\/en\/wp-json\/wp\/v2\/tags?post=897579"},{"taxonomy":"naslovna","embeddable":true,"href":"https:\/\/gradski.me\/en\/wp-json\/wp\/v2\/naslovna?post=897579"}],"curies":[{"name":"wp","href":"https:\/\/api.w.org\/{rel}","templated":true}]}}