{"id":897536,"date":"2026-01-06T16:21:00","date_gmt":"2026-01-06T15:21:00","guid":{"rendered":"https:\/\/new.gradski.me\/uncategorized\/obaloutvrda-u-beranama-zastitila-grad-od-poplava-manja-ostecenja-bice-sanirana\/"},"modified":"2026-01-06T16:21:00","modified_gmt":"2026-01-06T15:21:00","slug":"obaloutvrda-u-beranama-zastitila-grad-od-poplava-manja-ostecenja-bice-sanirana","status":"publish","type":"post","link":"https:\/\/gradski.me\/en\/drustvo\/obaloutvrda-u-beranama-zastitila-grad-od-poplava-manja-ostecenja-bice-sanirana\/","title":{"rendered":"Obaloutvrda u Beranama za\u0161titila grad od poplava, manja o\u0161te\u0107enja bi\u0107e sanirana"},"content":{"rendered":"<p><\/p>\n\n\n\n<p><\/p>\n\n\n\n<p>Tokom intenzivnih padavina zabilje\u017eena su lokalna o\u0161te\u0107enja dijela obaloutvrde, \u0161to je, kako isti\u010du u op\u0161tini, uobi\u010dajeno kod novih hidrotehni\u010dkih objekata i predstavlja test njihovog pona\u0161anja u ekstremnim uslovima.<\/p>\n\n\n\n<p>&#8222;Tokom obilnih padavina i usljed sna\u017enih hidrodinami\u010dkih i erozionih procesa zabilje\u017eena su lokalna o\u0161te\u0107enja dijela obaloutvrde. Takve pojave nijesu neuobi\u010dajene kod novih hidrotehni\u010dkih objekata i predstavljaju test pona\u0161anja sistema u ekstremnim uslovima&#8220;, saop\u0161tili su iz op\u0161tine.<\/p>\n\n\n\n<p>Nagla\u0161avaju da je objekat izgra\u0111en u skladu sa va\u017ee\u0107om tehni\u010dkom dokumentacijom, projektovanim proto\u010dajima i bezbjednosnim kriterijumima, te da je u datim uslovima dokazao svoju funkcionalnost.<\/p>\n\n\n\n<p>&#8222;Objekat je u garantnom roku i sva o\u0161te\u0107enja bi\u0107e sanirana u skladu sa ugovornim obavezama izvo\u0111a\u010da, uz dodatne mjere kojima \u0107e se dodatno unaprijediti stabilnost i sigurnost sistema&#8220;, dodali su.<\/p>\n\n\n\n<p><\/p>","protected":false},"excerpt":{"rendered":"<p>Op\u0161tina Berane je saop\u0161tila da je obaloutvrda, i pored obilnih padavina i visokog vodostaja, uspje\u0161no za\u0161titila grad od poplava, te da urbanih podru\u010dja nije bilo poplavljeno.<\/p>","protected":false},"author":4,"featured_media":897537,"comment_status":"open","ping_status":"open","sticky":false,"template":"","format":"standard","meta":{"_acf_changed":false,"footnotes":"","jetpack_publicize_message":"","jetpack_publicize_feature_enabled":true,"jetpack_social_post_already_shared":false,"jetpack_social_options":{"image_generator_settings":{"template":"highway","default_image_id":0,"font":"","enabled":false},"version":2}},"categories":[9],"tags":[53,16172,12761,16173],"naslovna":[],"class_list":["post-897536","post","type-post","status-publish","format-standard","has-post-thumbnail","hentry","category-drustvo","tag-berane","tag-obaloutvrda","tag-padavine","tag-vodostaji"],"acf":[],"jetpack_publicize_connections":[],"_links":{"self":[{"href":"https:\/\/gradski.me\/en\/wp-json\/wp\/v2\/posts\/897536","targetHints":{"allow":["GET"]}}],"collection":[{"href":"https:\/\/gradski.me\/en\/wp-json\/wp\/v2\/posts"}],"about":[{"href":"https:\/\/gradski.me\/en\/wp-json\/wp\/v2\/types\/post"}],"author":[{"embeddable":true,"href":"https:\/\/gradski.me\/en\/wp-json\/wp\/v2\/users\/4"}],"replies":[{"embeddable":true,"href":"https:\/\/gradski.me\/en\/wp-json\/wp\/v2\/comments?post=897536"}],"version-history":[{"count":0,"href":"https:\/\/gradski.me\/en\/wp-json\/wp\/v2\/posts\/897536\/revisions"}],"wp:featuredmedia":[{"embeddable":true,"href":"https:\/\/gradski.me\/en\/wp-json\/wp\/v2\/media\/897537"}],"wp:attachment":[{"href":"https:\/\/gradski.me\/en\/wp-json\/wp\/v2\/media?parent=897536"}],"wp:term":[{"taxonomy":"category","embeddable":true,"href":"https:\/\/gradski.me\/en\/wp-json\/wp\/v2\/categories?post=897536"},{"taxonomy":"post_tag","embeddable":true,"href":"https:\/\/gradski.me\/en\/wp-json\/wp\/v2\/tags?post=897536"},{"taxonomy":"naslovna","embeddable":true,"href":"https:\/\/gradski.me\/en\/wp-json\/wp\/v2\/naslovna?post=897536"}],"curies":[{"name":"wp","href":"https:\/\/api.w.org\/{rel}","templated":true}]}}