{"id":897528,"date":"2026-01-06T17:26:00","date_gmt":"2026-01-06T16:26:00","guid":{"rendered":"https:\/\/new.gradski.me\/uncategorized\/vanredno-stanje-u-djelovima-srbije-nema-struje-upozorenje-na-nove-padavine\/"},"modified":"2026-01-06T17:26:00","modified_gmt":"2026-01-06T16:26:00","slug":"vanredno-stanje-u-djelovima-srbije-nema-struje-upozorenje-na-nove-padavine","status":"publish","type":"post","link":"https:\/\/gradski.me\/en\/region\/vanredno-stanje-u-djelovima-srbije-nema-struje-upozorenje-na-nove-padavine\/","title":{"rendered":"Vanredno stanje u djelovima Srbije: Nema struje, upozorenje na nove padavine"},"content":{"rendered":"<p><\/p>\n\n\n\n<p>Predsjednik op\u0161tine Krupanj Mladen Stefanovi\u0107 rekao je da su nadle\u017ene slu\u017ebe na terenu i da ula\u017eu napore da otklone kvarove u najkra\u0107em roku.<\/p>\n\n\n\n<p>Vanredna situacija je zbog snijega ranije progla\u0161ena i u Loznici, Ose\u010dini, Vladimircima, dijelu op\u0161tine Prijepolje kao i na podru\u010dju op\u0161tine Mali Zvornik, gdje je bez struje osam sela.<\/p>\n\n\n\n<p>Republi\u010dki hidrometeorolo\u0161ki zavod izdao je za sutra upozorenje na snje\u017ene padavine na podru\u010dju sjeverne, zapadne, centralne i jugozapadne Srbije.<\/p>\n\n\n\n<p>Poslije podne i uve\u010de prognozira se intenziviranje snje\u017enih padavina, pa se o\u010dekuje pove\u0107anje visine snijega za 10 do 15 centimetara, lokalno i vi\u0161e, prenose beogradski mediji.<\/p>\n\n\n\n<p>Zbog ledene ki\u0161e sutra \u0107e u Isto\u010dnoj i Jugoisto\u010dnoj Srbiji na snazi biti crveni meteo-alarm.<\/p>\n\n\n\n<p>Narand\u017easti meteo-alarm je zbog velike koli\u010dine snijega na snazi na podru\u010dju Banata, Beograda, \u0160umadije, Pomoravlja, Zapadne i Jugozapadne Srbije.<\/p>\n\n\n\n<p>Formiranje manjeg snje\u017enog pokriva\u010da o\u010dekuje se u Sremu i Ba\u010dkoj, zbog \u010dega je u tom dijelu Srbije na snazi \u017euti meteo-alarm.<\/p>\n\n\n\n<p>Javno preduze\u0107e &#8222;Putevi Srbije&#8220; apelovalo je da u\u010desnici u saobra\u0107aju budu posebno oprezni i da prilagode brzinu uslovima na putu, jer se danas i sutra, na Bo\u017ei\u0107, o\u010dekuje stvaranje snje\u017enog pokriva\u010da u ve\u0107em dijelu Srbije.<\/p>\n\n\n\n<p>Na \u0161irem podru\u010dju zapadne, jugozapadne Srbije, Beograda, u ju\u017enom Banatu, \u0160umadiji, Pomoravlju i na istoku Srbije pada\u0107e ki\u0161a koja \u0107e se lediti pri tlu.<\/p>\n\n\n\n<p>Ukazali su da se sutra ki\u0161a o\u010dekuje u jutarnjim, prijepodnevnim i ve\u010dernjim satima u zapadnoj i jugozapadnoj Srbiji.<\/p>\n\n\n\n<p>&#8222;Apelujemo na u\u010desnike u saobra\u0107aju da koriste zimske pneumatike, da bez zimske opreme i lanaca ne kre\u0107u na put, voze pa\u017eljivo, po\u0161tuju ograni\u010denja brzine i prilagode brzinu kretanja uslovima na putu&#8220;, istakli su iz &#8222;Puteva Srbije&#8220;.<\/p>\n\n\n\n<p>Ministar gra\u0111evinarstva, saobra\u0107aja i infrastrukture Aleksandra Sofronijevi\u0107 rekla je danas, nakon \u0161to je obi\u0161la Aerodrom &#8222;Nikola Tesla&#8220; u Beogradu, da su u situacijama nepovoljnih vremenskih prilika, bezbjednost putnika i posada u aviosaobra\u0107aju apsolutni prioritet.<\/p>\n\n\n\n<p>Naglasila je da se sve odluke donosese isklju\u010divo radi bezbjednosti zbog \u010dega se putnici mole za strpljenje i razumijevanje.<\/p>\n\n\n\n<p>Prema njenim rije\u010dima, kada se procijeni da uslovi nisu bezbjedni, letovi se odla\u017eu ili privremeno obustavljaju, bez kompromisa i bez izuzetaka, saop\u0161teno je iz resornog ministarstva.<\/p>\n\n\n\n<p>Sofronijevi\u0107eva je napomenula da nacionalni avio-prevoznik, zajedno sa aerodromom, kontrolom letenja i svim operativnim slu\u017ebama, ula\u017ee maksimalne napore kako bi se saobra\u0107aj odvijao uz \u0161to manje ka\u0161njenja i otkazivanja, ali bez ikakvog odstupanja od propisanih bezbednosnih standarda, prenose <strong>Independent<\/strong>.<\/p>","protected":false},"excerpt":{"rendered":"<p>Vla\u017ean i te\u017eak snijeg napravio je probleme u mnogim dijelovima Srbije, a vanredna situacija progla\u0161ena je i u op\u0161tini Krupanj zbog nesta\u0161ice elektri\u010dne energije.<\/p>","protected":false},"author":4,"featured_media":897529,"comment_status":"open","ping_status":"open","sticky":false,"template":"","format":"standard","meta":{"_acf_changed":false,"footnotes":"","jetpack_publicize_message":"","jetpack_publicize_feature_enabled":true,"jetpack_social_post_already_shared":false,"jetpack_social_options":{"image_generator_settings":{"template":"highway","default_image_id":0,"font":"","enabled":false},"version":2}},"categories":[13],"tags":[16167,16168,22,16169],"naslovna":[],"class_list":["post-897528","post","type-post","status-publish","format-standard","has-post-thumbnail","hentry","category-region","tag-djelovi-srbije","tag-nove-padavine","tag-struja","tag-vanredno-stanje"],"acf":[],"jetpack_publicize_connections":[],"_links":{"self":[{"href":"https:\/\/gradski.me\/en\/wp-json\/wp\/v2\/posts\/897528","targetHints":{"allow":["GET"]}}],"collection":[{"href":"https:\/\/gradski.me\/en\/wp-json\/wp\/v2\/posts"}],"about":[{"href":"https:\/\/gradski.me\/en\/wp-json\/wp\/v2\/types\/post"}],"author":[{"embeddable":true,"href":"https:\/\/gradski.me\/en\/wp-json\/wp\/v2\/users\/4"}],"replies":[{"embeddable":true,"href":"https:\/\/gradski.me\/en\/wp-json\/wp\/v2\/comments?post=897528"}],"version-history":[{"count":0,"href":"https:\/\/gradski.me\/en\/wp-json\/wp\/v2\/posts\/897528\/revisions"}],"wp:featuredmedia":[{"embeddable":true,"href":"https:\/\/gradski.me\/en\/wp-json\/wp\/v2\/media\/897529"}],"wp:attachment":[{"href":"https:\/\/gradski.me\/en\/wp-json\/wp\/v2\/media?parent=897528"}],"wp:term":[{"taxonomy":"category","embeddable":true,"href":"https:\/\/gradski.me\/en\/wp-json\/wp\/v2\/categories?post=897528"},{"taxonomy":"post_tag","embeddable":true,"href":"https:\/\/gradski.me\/en\/wp-json\/wp\/v2\/tags?post=897528"},{"taxonomy":"naslovna","embeddable":true,"href":"https:\/\/gradski.me\/en\/wp-json\/wp\/v2\/naslovna?post=897528"}],"curies":[{"name":"wp","href":"https:\/\/api.w.org\/{rel}","templated":true}]}}