{"id":897510,"date":"2026-01-07T07:27:00","date_gmt":"2026-01-07T06:27:00","guid":{"rendered":"https:\/\/new.gradski.me\/uncategorized\/buducnost-ide-na-megdan-fenjerasu\/"},"modified":"2026-01-07T07:27:00","modified_gmt":"2026-01-07T06:27:00","slug":"buducnost-ide-na-megdan-fenjerasu","status":"publish","type":"post","link":"https:\/\/gradski.me\/en\/sport\/buducnost-ide-na-megdan-fenjerasu\/","title":{"rendered":"Budu\u0107nost ide na megdan &#8222;fenjera\u0161u&#8220;"},"content":{"rendered":"<p>&#8222;Plavi&#8220; su u pro\u0161lom kolu u derbiju sru\u0161ili Turk Telekom u Podgorici, pa u dobrom raspolo\u017eenju \u010dekaju predstoje\u0107i duel, \u0161to se ne mo\u017ee ba\u0161 re\u0107i za &#8222;pantere&#8220; koji su u seriji od osam poraza u svim takmi\u010denjima. <\/p>\n\n\n\n<p>Budu\u0107nost je na skoru 8-4, dok je Panionios posljednji na tabeli sa u\u010dinkom 1-11.<\/p>\n\n\n\n<p>\u201ePanionios poku\u0161ava da prona\u0111e pravu formulu za ovu sezonu. Ponovo su promijenili trenera, doveli nove igra\u010de i sigurno \u0107e do\u0107i do odre\u0111ene reakcije sa njihove strane. O\u010dekuje nas te\u0161ka utakmica \u2013 u prethodnom kolu protiv Burga odigrali su me\u010d na vrlo visokom nivou i zamalo ih iznenadili u gostima. Moramo da budemo maksimalno fokusirani i da u utakmicu u\u0111emo sa pravim pristupom. Imali smo vremena da treniramo i da se odmorimo. Postoje odre\u0111eni problemi sa povredama, ali moramo da nastavimo u ritmu u kojem smo zavr\u0161ili pro\u0161lu godinu. Klju\u010dno je da iskoristimo njihove slabosti, a da njihove dobre strane \u0161to vi\u0161e neutrali\u0161emo\u201c, kazao je trener Budu\u0107nosti, Andrej \u017dakelj. <\/p>\n\n\n\n<p>Klub je u me\u0111uvremenu doveo i tre\u0107eg trenera od po\u010detka sezone. Panionios je preuzeo Nikola Markovi\u0107, bosanski stru\u010dnjak koji je ve\u0107 u dva navrata vodio gr\u010dki tim. Zanimljivo je da je Markovi\u0107 2009. godine bio na klupi \u201epantera\u201c, a ujedno je obavljao i funkciju zamjenika gradona\u010delnika Sarajeva.<\/p>\n\n\n\n<p>&#8222;\u010ceka nas te\u0161ko gostovanje u Gr\u010dkoj. Rije\u010d je o respektabilnoj ekipi koja je promijenila trenera i vjerujem da \u0107e do\u0107i do odre\u0111ene reakcije. Po\u010deli smo sa pripremama za tu utakmicu i ne sumnjam da \u0107emo biti potpuno spremni. O\u010dekujem zahtjevan me\u010d. Smatram da njihova trenutna pozicija na tabeli nije realan odraz kvaliteta, jer je rije\u010d o solidnoj ekipi koja igra u visokom ritmu, dobro tr\u010di i ima veliki broj bekova. Zbog svega toga, sigurno nas o\u010dekuje veoma te\u017eak posao\u201c, kazao je Andrija Slavkovi\u0107.<\/p>\n\n\n\n<p>Utakmica je na programu od 18 sati i 30 minuta. <\/p>","protected":false},"excerpt":{"rendered":"<p>Za ko\u0161arka\u0161e Budu\u0107nost Volija nema odmora ni na Bo\u017ei\u0107 &#8211; izabranici Andreja \u017dakelja gostuju danas Panioniosu u predgra\u0111u Atine u okviru 13. kola grupe B Evrokupa.<\/p>","protected":false},"author":7,"featured_media":897511,"comment_status":"open","ping_status":"open","sticky":false,"template":"","format":"standard","meta":{"_acf_changed":false,"footnotes":"","jetpack_publicize_message":"","jetpack_publicize_feature_enabled":true,"jetpack_social_post_already_shared":false,"jetpack_social_options":{"image_generator_settings":{"template":"highway","default_image_id":0,"font":"","enabled":false},"version":2}},"categories":[15],"tags":[7928,1421,10055],"naslovna":[],"class_list":["post-897510","post","type-post","status-publish","format-standard","has-post-thumbnail","hentry","category-sport","tag-evrokup","tag-kk-buducnost-voli","tag-panionios"],"acf":[],"jetpack_publicize_connections":[],"_links":{"self":[{"href":"https:\/\/gradski.me\/en\/wp-json\/wp\/v2\/posts\/897510","targetHints":{"allow":["GET"]}}],"collection":[{"href":"https:\/\/gradski.me\/en\/wp-json\/wp\/v2\/posts"}],"about":[{"href":"https:\/\/gradski.me\/en\/wp-json\/wp\/v2\/types\/post"}],"author":[{"embeddable":true,"href":"https:\/\/gradski.me\/en\/wp-json\/wp\/v2\/users\/7"}],"replies":[{"embeddable":true,"href":"https:\/\/gradski.me\/en\/wp-json\/wp\/v2\/comments?post=897510"}],"version-history":[{"count":0,"href":"https:\/\/gradski.me\/en\/wp-json\/wp\/v2\/posts\/897510\/revisions"}],"wp:featuredmedia":[{"embeddable":true,"href":"https:\/\/gradski.me\/en\/wp-json\/wp\/v2\/media\/897511"}],"wp:attachment":[{"href":"https:\/\/gradski.me\/en\/wp-json\/wp\/v2\/media?parent=897510"}],"wp:term":[{"taxonomy":"category","embeddable":true,"href":"https:\/\/gradski.me\/en\/wp-json\/wp\/v2\/categories?post=897510"},{"taxonomy":"post_tag","embeddable":true,"href":"https:\/\/gradski.me\/en\/wp-json\/wp\/v2\/tags?post=897510"},{"taxonomy":"naslovna","embeddable":true,"href":"https:\/\/gradski.me\/en\/wp-json\/wp\/v2\/naslovna?post=897510"}],"curies":[{"name":"wp","href":"https:\/\/api.w.org\/{rel}","templated":true}]}}