{"id":897447,"date":"2026-01-06T10:24:22","date_gmt":"2026-01-06T09:24:22","guid":{"rendered":"https:\/\/new.gradski.me\/uncategorized\/borovinic-bojovic-bozic-nas-uvijek-iznova-podsjeca-da-su-mir-i-dobrota-temelj-licne-srece-i-zdravog-drustva\/"},"modified":"2026-01-06T10:24:22","modified_gmt":"2026-01-06T09:24:22","slug":"borovinic-bojovic-bozic-nas-uvijek-iznova-podsjeca-da-su-mir-i-dobrota-temelj-licne-srece-i-zdravog-drustva","status":"publish","type":"post","link":"https:\/\/gradski.me\/en\/podgorica\/borovinic-bojovic-bozic-nas-uvijek-iznova-podsjeca-da-su-mir-i-dobrota-temelj-licne-srece-i-zdravog-drustva\/","title":{"rendered":"Borovini\u0107 Bojovi\u0107: Bo\u017ei\u0107 nas uvijek iznova podsje\u0107a da su mir i dobrota temelj li\u010dne sre\u0107e i zdravog dru\u0161tva"},"content":{"rendered":"<p>\u201cPovodom Badnjeg dana i Bo\u017ei\u0107a, upu\u0107ujem iskrene \u010destitke patrijarhu srpskom Porfiriju, mitropolitu crnogorsko-primorskom Joanikiju, mona\u0161tvu i sve\u0161tenstvu Srpske pravoslavne crkve, kao i svim pravoslavnim vjernicima u Podgorici i Crnoj Gori.<\/p>\n\n\n\n<p>Kako je kazala, u danima Bo\u017ei\u0107a slavimo ro\u0111enje, milost, pravdu i ljubav i, u duhu obi\u010daja i zajedni\u0161tva, podsje\u0107amo se da su bliskost i mir su\u0161tina na\u0161e vjere. Bo\u017ei\u0107 nas uvijek iznova podsje\u0107a da su mir i dobrota temelj li\u010dne sre\u0107e i zdravog dru\u0161tva.<\/p>\n\n\n\n<p>&#8222;Neka upravo te vrijednosti ispune na\u0161a srca i domove i podsjete nas koliko su briga jednih za druge i snaga zajedni\u0161tva va\u017eni u vremenu u kojem \u017eivimo&#8220;, kazala je Borovini\u0107 Bojovi\u0107.<\/p>\n\n\n\n<p>Istakla je da \u017eeli svima da ove svete dane provedu u miru, zdravlju i toplini doma, okru\u017eeni porodicom, prijateljima i kom\u0161ijama. U danima Bo\u017ei\u0107a, neka srca budu otvorena, a rije\u010di blage i iskrene.<\/p>\n\n\n\n<p>&#8222;Sre\u0107an Badnji dan i Bo\u017ei\u0107\u201d, zaklju\u010dila je Borovini\u0107 Bojovi\u0107.<\/p>","protected":false},"excerpt":{"rendered":"<p>Predsjednica Skup\u0161tine Glavnog grada, Jelena Borovini\u0107 Bojovi\u0107, \u010destitala je Badnji dan i predstoje\u0107i Bo\u017ei\u0107.<\/p>","protected":false},"author":1,"featured_media":897448,"comment_status":"open","ping_status":"open","sticky":false,"template":"","format":"standard","meta":{"_acf_changed":false,"footnotes":"","jetpack_publicize_message":"","jetpack_publicize_feature_enabled":true,"jetpack_social_post_already_shared":false,"jetpack_social_options":{"image_generator_settings":{"template":"highway","default_image_id":0,"font":"","enabled":false},"version":2}},"categories":[6],"tags":[16107,786,323],"naslovna":[],"class_list":["post-897447","post","type-post","status-publish","format-standard","has-post-thumbnail","hentry","category-podgorica","tag-bozic","tag-cestitka","tag-jelena-borovinic-bojovic"],"acf":[],"jetpack_publicize_connections":[],"_links":{"self":[{"href":"https:\/\/gradski.me\/en\/wp-json\/wp\/v2\/posts\/897447","targetHints":{"allow":["GET"]}}],"collection":[{"href":"https:\/\/gradski.me\/en\/wp-json\/wp\/v2\/posts"}],"about":[{"href":"https:\/\/gradski.me\/en\/wp-json\/wp\/v2\/types\/post"}],"author":[{"embeddable":true,"href":"https:\/\/gradski.me\/en\/wp-json\/wp\/v2\/users\/1"}],"replies":[{"embeddable":true,"href":"https:\/\/gradski.me\/en\/wp-json\/wp\/v2\/comments?post=897447"}],"version-history":[{"count":0,"href":"https:\/\/gradski.me\/en\/wp-json\/wp\/v2\/posts\/897447\/revisions"}],"wp:featuredmedia":[{"embeddable":true,"href":"https:\/\/gradski.me\/en\/wp-json\/wp\/v2\/media\/897448"}],"wp:attachment":[{"href":"https:\/\/gradski.me\/en\/wp-json\/wp\/v2\/media?parent=897447"}],"wp:term":[{"taxonomy":"category","embeddable":true,"href":"https:\/\/gradski.me\/en\/wp-json\/wp\/v2\/categories?post=897447"},{"taxonomy":"post_tag","embeddable":true,"href":"https:\/\/gradski.me\/en\/wp-json\/wp\/v2\/tags?post=897447"},{"taxonomy":"naslovna","embeddable":true,"href":"https:\/\/gradski.me\/en\/wp-json\/wp\/v2\/naslovna?post=897447"}],"curies":[{"name":"wp","href":"https:\/\/api.w.org\/{rel}","templated":true}]}}