{"id":897440,"date":"2026-01-06T10:07:05","date_gmt":"2026-01-06T09:07:05","guid":{"rendered":"https:\/\/new.gradski.me\/uncategorized\/spajic-cestitao-bozic-svi-smo-duzni-da-sirimo-duh-dijaloga-inkluzivnosti-tolerancije-i-sloge\/"},"modified":"2026-01-06T10:07:05","modified_gmt":"2026-01-06T09:07:05","slug":"spajic-cestitao-bozic-svi-smo-duzni-da-sirimo-duh-dijaloga-inkluzivnosti-tolerancije-i-sloge","status":"publish","type":"post","link":"https:\/\/gradski.me\/en\/drustvo\/spajic-cestitao-bozic-svi-smo-duzni-da-sirimo-duh-dijaloga-inkluzivnosti-tolerancije-i-sloge\/","title":{"rendered":"Spaji\u0107 \u010destitao Bo\u017ei\u0107: Svi smo du\u017eni da \u0161irimo duh dijaloga, inkluzivnosti, tolerancije i sloge"},"content":{"rendered":"<p>\u201eRo\u0111enje Hristovo i prosijavanje svjetlosti usred vitlejemske no\u0107i, simboli su prosvjetljenja, neugasive nade u pravdu i stremljenja ljudskoj dobroti i samilosti. Ova slika pru\u017ea utjehu i uliva snagu kako na individualnom, tako i na planu kolektiviteta\u201d, naveo je Spaji\u0107 u \u010destitki.<\/p>\n\n\n\n<p>Pred svakim \u010dovjekom, kako je naglasio Spaji\u0107, stoji \u0161ansa li\u010dnog progresa i obaveza da se nikada ne prepustimo izazovima otu\u0111enosti, nerazumijevanja i konflikta. Isto tako, svako dru\u0161tvo nalazi se pred istim izazovima i svi subjekti i institucije, pou\u010deni istorijskim iskustvima, du\u017eni su da \u0161ire duh dijaloga, inkluzivnosti, tolerancije i sloge.<\/p>\n\n\n\n<p>\u201e\u017delim vam da u dobrom zdravlju ostanete na putu najve\u0107ih u\u010ditelja i prosvjetitelja Cetinjske mitropolije, \u010diji kult je, na temelju univerzalnih vrijednosti pokajanja i pra\u0161tanja, postao neraskidivi dio nacionalne tradicije, kulture i identiteta. Siguran sam da \u0107emo svi ponaosob, li\u010dnim primjerom, pona\u0161anjem i djelovanjem nastaviti da doprinosimo razvoju demokratskog dru\u0161tva, dosljednom po\u0161tovanju ljudskog dostojanstva, prava i sloboda\u201d, poru\u010dio je premijer Spaji\u0107.<\/p>\n\n\n\n<p><\/p>","protected":false},"excerpt":{"rendered":"<p>Predsjednik Vlade\u00a0Milojko Spaji\u0107\u00a0je \u010destitao Badnji dan i Bo\u017ei\u0107 sve\u0161tenstvu, gra\u0111ankama i gra\u0111anima koji najradosniji hri\u0161\u0107anski praznik \u2013 Ro\u0111enje Gospoda Isusa Hrista \u2013 slave\u00a0 po julijanskom kalendaru.<\/p>","protected":false},"author":1,"featured_media":896999,"comment_status":"open","ping_status":"open","sticky":false,"template":"","format":"standard","meta":{"_acf_changed":false,"footnotes":"","jetpack_publicize_message":"","jetpack_publicize_feature_enabled":true,"jetpack_social_post_already_shared":false,"jetpack_social_options":{"image_generator_settings":{"template":"highway","default_image_id":0,"font":"","enabled":false},"version":2}},"categories":[9],"tags":[786,794],"naslovna":[],"class_list":["post-897440","post","type-post","status-publish","format-standard","has-post-thumbnail","hentry","category-drustvo","tag-cestitka","tag-milojko-spajic"],"acf":[],"jetpack_publicize_connections":[],"_links":{"self":[{"href":"https:\/\/gradski.me\/en\/wp-json\/wp\/v2\/posts\/897440","targetHints":{"allow":["GET"]}}],"collection":[{"href":"https:\/\/gradski.me\/en\/wp-json\/wp\/v2\/posts"}],"about":[{"href":"https:\/\/gradski.me\/en\/wp-json\/wp\/v2\/types\/post"}],"author":[{"embeddable":true,"href":"https:\/\/gradski.me\/en\/wp-json\/wp\/v2\/users\/1"}],"replies":[{"embeddable":true,"href":"https:\/\/gradski.me\/en\/wp-json\/wp\/v2\/comments?post=897440"}],"version-history":[{"count":0,"href":"https:\/\/gradski.me\/en\/wp-json\/wp\/v2\/posts\/897440\/revisions"}],"wp:featuredmedia":[{"embeddable":true,"href":"https:\/\/gradski.me\/en\/wp-json\/wp\/v2\/media\/896999"}],"wp:attachment":[{"href":"https:\/\/gradski.me\/en\/wp-json\/wp\/v2\/media?parent=897440"}],"wp:term":[{"taxonomy":"category","embeddable":true,"href":"https:\/\/gradski.me\/en\/wp-json\/wp\/v2\/categories?post=897440"},{"taxonomy":"post_tag","embeddable":true,"href":"https:\/\/gradski.me\/en\/wp-json\/wp\/v2\/tags?post=897440"},{"taxonomy":"naslovna","embeddable":true,"href":"https:\/\/gradski.me\/en\/wp-json\/wp\/v2\/naslovna?post=897440"}],"curies":[{"name":"wp","href":"https:\/\/api.w.org\/{rel}","templated":true}]}}