{"id":897389,"date":"2026-01-05T20:31:00","date_gmt":"2026-01-05T19:31:00","guid":{"rendered":"https:\/\/new.gradski.me\/uncategorized\/za-11-mjeseci-zaplijenjeno-vise-od-400-kilograma-narkotika\/"},"modified":"2026-01-05T20:31:00","modified_gmt":"2026-01-05T19:31:00","slug":"za-11-mjeseci-zaplijenjeno-vise-od-400-kilograma-narkotika","status":"publish","type":"post","link":"https:\/\/gradski.me\/en\/hronika\/za-11-mjeseci-zaplijenjeno-vise-od-400-kilograma-narkotika\/","title":{"rendered":"Za 11 mjeseci zaplijenjeno vi\u0161e od 400 kilograma narkotika"},"content":{"rendered":"<p><\/p>\n\n\n\n<p>Prema podacima koje su iz Uprave policije dostavili agenciji MINA, od 1. januara do 1. decembra pro\u0161le godine na nacionalnom nivou zaplijenjeno je i 13.159 stabljika marihuane, od kojih je mogu\u0107i prinos procijenjen na do 3,5 tone marihuane.<\/p>\n\n\n\n<p>Kako se navodi, naj\u010de\u0161\u0107e vrste zaplijenjene droge su marihuana, kokain, heroin i amfetamin.<\/p>\n\n\n\n<p>\u201eOsim toga, slu\u017ebenici Specijalnog poslicijskog odjeljenja su tokom 11 mjeseci procesuirali preko 40 istaknutih \u010dlanova i vo\u0111a organizovanih kriminalnih grupa koji se sumnji\u010de da su na me\u0111unarodnom i transnacionalnom nivou prokrijum\u010darili 9,5 tona kokaina i marihuane\u201c, rekli su iz policije.<\/p>\n\n\n\n<p>Kada je rije\u010d o na\u010dinima krijum\u010darenja i distribucije narkotika, iz Uprave policije su kazali da i dalje dominira prekograni\u010dni \u0161verc kori\u0161\u0107enjem ustaljenih ruta, kao i krijum\u010darenje putem me\u0111unarodnih po\u0161tanskih i kurirskih po\u0161iljki, te uli\u010dnih dilera.&nbsp;<\/p>\n\n\n\n<p>\u201eTokom pro\u0161le godine registrovani su prije svega poku\u0161aji krijum\u010darenja opojnih droga putem me\u0111unarodnih po\u0161tanskih i kurirskih po\u0161iljki, kao i \u0161irenje ponude kroz onlajn komunikacione aplikacije (npr. masovne ponude preko Vibera), \u0161to predstavlja nadogradnju, a ne potpuno nove kanale u odnosu na raniji period\u201c, dodali su iz policije.<\/p>\n\n\n\n<p>Kako su istakli, pro\u0161logodi\u0161nje zaplijene ve\u0107e su u odnosu na prethodne godine.<\/p>\n\n\n\n<p>Iz Uprave policije su kazali da planiraju poja\u010dati nadzor i kontrolu na granicama i u urbanim centrima, uz unapre\u0111enje obavje\u0161tajnih i operativnih kapaciteta bezbjednosnih slu\u017ebi kako bi se omogu\u0107ila efikasnija prevencija i ranija detekcija kriminalnih aktivnosti vezanih za distribuciju narkotika.&nbsp;<\/p>\n\n\n\n<p>\u201eTako\u0111e, naglasak je na ja\u010danju me\u0111unarodne saradnje i koordinacije, kao i na prilago\u0111avanju tehni\u010dke opremljenosti Uprave policije i proaktivnim i operativnim aktivnostima za suzbijanje zloupotrebe droga u narednom periodu\u201c, dodali su iz policije.<\/p>","protected":false},"excerpt":{"rendered":"<p>U Crnoj Gori je tokom 11 mjeseci pro\u0161le godine zaplijenjeno vi\u0161e od 400 kilograma narkotika, a zbog krivi\u010dnih djela i prekr\u0161aja u vezi sa zloupotrebom droga uhap\u0161ene su 423 osobe, saop\u0161teno je iz Uprave policije.<\/p>","protected":false},"author":4,"featured_media":897390,"comment_status":"open","ping_status":"open","sticky":false,"template":"","format":"standard","meta":{"_acf_changed":false,"footnotes":"","jetpack_publicize_message":"","jetpack_publicize_feature_enabled":true,"jetpack_social_post_already_shared":false,"jetpack_social_options":{"image_generator_settings":{"template":"highway","default_image_id":0,"font":"","enabled":false},"version":2}},"categories":[10],"tags":[188,2926,109],"naslovna":[],"class_list":["post-897389","post","type-post","status-publish","format-standard","has-post-thumbnail","hentry","category-hronika","tag-crna-gora","tag-narkotici","tag-uprava-policije"],"acf":[],"jetpack_publicize_connections":[],"_links":{"self":[{"href":"https:\/\/gradski.me\/en\/wp-json\/wp\/v2\/posts\/897389","targetHints":{"allow":["GET"]}}],"collection":[{"href":"https:\/\/gradski.me\/en\/wp-json\/wp\/v2\/posts"}],"about":[{"href":"https:\/\/gradski.me\/en\/wp-json\/wp\/v2\/types\/post"}],"author":[{"embeddable":true,"href":"https:\/\/gradski.me\/en\/wp-json\/wp\/v2\/users\/4"}],"replies":[{"embeddable":true,"href":"https:\/\/gradski.me\/en\/wp-json\/wp\/v2\/comments?post=897389"}],"version-history":[{"count":0,"href":"https:\/\/gradski.me\/en\/wp-json\/wp\/v2\/posts\/897389\/revisions"}],"wp:featuredmedia":[{"embeddable":true,"href":"https:\/\/gradski.me\/en\/wp-json\/wp\/v2\/media\/897390"}],"wp:attachment":[{"href":"https:\/\/gradski.me\/en\/wp-json\/wp\/v2\/media?parent=897389"}],"wp:term":[{"taxonomy":"category","embeddable":true,"href":"https:\/\/gradski.me\/en\/wp-json\/wp\/v2\/categories?post=897389"},{"taxonomy":"post_tag","embeddable":true,"href":"https:\/\/gradski.me\/en\/wp-json\/wp\/v2\/tags?post=897389"},{"taxonomy":"naslovna","embeddable":true,"href":"https:\/\/gradski.me\/en\/wp-json\/wp\/v2\/naslovna?post=897389"}],"curies":[{"name":"wp","href":"https:\/\/api.w.org\/{rel}","templated":true}]}}