{"id":897352,"date":"2026-01-05T16:18:00","date_gmt":"2026-01-05T15:18:00","guid":{"rendered":"https:\/\/new.gradski.me\/uncategorized\/mandic-u-trebinju-vise-sam-nego-siguran-da-nam-je-buducnost-unutar-evropske-unije-zajednicka\/"},"modified":"2026-01-05T16:18:00","modified_gmt":"2026-01-05T15:18:00","slug":"mandic-u-trebinju-vise-sam-nego-siguran-da-nam-je-buducnost-unutar-evropske-unije-zajednicka","status":"publish","type":"post","link":"https:\/\/gradski.me\/en\/drustvo\/mandic-u-trebinju-vise-sam-nego-siguran-da-nam-je-buducnost-unutar-evropske-unije-zajednicka\/","title":{"rendered":"Mandi\u0107 u Trebinju: Vi\u0161e sam nego siguran da nam je budu\u0107nost unutar Evropske unije zajedni\u010dka"},"content":{"rendered":"<p>\u201cOvaj primjer pokazuje da svi trebamo raditi na korist naroda\u201d, rekao je Mandi\u0107.<\/p>\n\n\n\n<p>Mandi\u0107 je dodao da je Trebinje postalo regionalni turisti\u010dki centar.<\/p>\n\n\n\n<p>\u201cZnate i sami koliko ljudi dolazi ovdje. Neophodan je jedan takav turisti\u010dku centar da ima ovako modernu i savremenu bolnicu. Kada sve pro\u0111e, uvijek \u0107e ostati, prvensteno iza nas politi\u010dara, ono \u0161to \u0107e svjedo\u010diti o uspje\u0161nosti neke politike. Kada pogledate ovu bolnicu, vidite koliko je jedna generacija politi\u010dara osmislila i radila na korist svog naroda i zemlje\u201d, naveo je.<\/p>\n\n\n\n<p>Sve zemlje biv\u0161e Jugoslavije su definisale su, dodaje, svoje spoljnopoliti\u010dke prioritete i Mandi\u0107 je vi\u0161e nego siguran da nam je budu\u0107nost unutar Evropske unije zajedni\u010dka.<\/p>\n\n\n\n<p>\u201cZato vas podzravljam draga bra\u0107o, narod je najva\u017eniji. Narod treba \u010duvati i lije\u010diti\u201d, rekao je on.<\/p>\n\n\n\n<p>Ceremoniji su pristustvovali i predsjednik Srbije Aleksandar Vu\u010di\u0107, lider DNP-a Milan Kne\u017eevi\u0107\u2026<\/p>","protected":false},"excerpt":{"rendered":"<p>Predsjednik Skup\u0161tine Crne Gore Andrija Mandi\u0107 izjavio je da novi objekat bolnice u Trebinju slu\u017ei na ponos cijeloj Republici Srpskoj, ali i regionu. On je tokom ceremonije otvaranja nove bolnice kazao da &#8222;vjeruje da nam je budu\u0107nost zajedni\u010dka&#8220;.<\/p>","protected":false},"author":1,"featured_media":897030,"comment_status":"open","ping_status":"open","sticky":false,"template":"","format":"standard","meta":{"_acf_changed":false,"footnotes":"","jetpack_publicize_message":"","jetpack_publicize_feature_enabled":true,"jetpack_social_post_already_shared":false,"jetpack_social_options":{"image_generator_settings":{"template":"highway","default_image_id":0,"font":"","enabled":false},"version":2}},"categories":[9],"tags":[503,8828,282,1608],"naslovna":[],"class_list":["post-897352","post","type-post","status-publish","format-standard","has-post-thumbnail","hentry","category-drustvo","tag-andrija-mandic","tag-bolnica","tag-eu","tag-trebinje"],"acf":[],"jetpack_publicize_connections":[],"_links":{"self":[{"href":"https:\/\/gradski.me\/en\/wp-json\/wp\/v2\/posts\/897352","targetHints":{"allow":["GET"]}}],"collection":[{"href":"https:\/\/gradski.me\/en\/wp-json\/wp\/v2\/posts"}],"about":[{"href":"https:\/\/gradski.me\/en\/wp-json\/wp\/v2\/types\/post"}],"author":[{"embeddable":true,"href":"https:\/\/gradski.me\/en\/wp-json\/wp\/v2\/users\/1"}],"replies":[{"embeddable":true,"href":"https:\/\/gradski.me\/en\/wp-json\/wp\/v2\/comments?post=897352"}],"version-history":[{"count":0,"href":"https:\/\/gradski.me\/en\/wp-json\/wp\/v2\/posts\/897352\/revisions"}],"wp:featuredmedia":[{"embeddable":true,"href":"https:\/\/gradski.me\/en\/wp-json\/wp\/v2\/media\/897030"}],"wp:attachment":[{"href":"https:\/\/gradski.me\/en\/wp-json\/wp\/v2\/media?parent=897352"}],"wp:term":[{"taxonomy":"category","embeddable":true,"href":"https:\/\/gradski.me\/en\/wp-json\/wp\/v2\/categories?post=897352"},{"taxonomy":"post_tag","embeddable":true,"href":"https:\/\/gradski.me\/en\/wp-json\/wp\/v2\/tags?post=897352"},{"taxonomy":"naslovna","embeddable":true,"href":"https:\/\/gradski.me\/en\/wp-json\/wp\/v2\/naslovna?post=897352"}],"curies":[{"name":"wp","href":"https:\/\/api.w.org\/{rel}","templated":true}]}}