{"id":897327,"date":"2026-01-05T13:02:00","date_gmt":"2026-01-05T12:02:00","guid":{"rendered":"https:\/\/new.gradski.me\/uncategorized\/donacija-mitropolije-crnogorsko-primorske-klinickom-centru-crne-gore\/"},"modified":"2026-01-05T13:02:00","modified_gmt":"2026-01-05T12:02:00","slug":"donacija-mitropolije-crnogorsko-primorske-klinickom-centru-crne-gore","status":"publish","type":"post","link":"https:\/\/gradski.me\/en\/drustvo\/donacija-mitropolije-crnogorsko-primorske-klinickom-centru-crne-gore\/","title":{"rendered":"Donacija Mitropolije crnogorsko-primorske Klini\u010dkom centru Crne Gore"},"content":{"rendered":"<p><\/p>\n\n\n\n<p>Doniranom opremom omogu\u0107ava se uvo\u0111enje savremenih tehnika nuklearne kardiologije u Centru za nuklearnu medicinu Instituta za onkologiju Klini\u010dkog centra Crne Gore, koje se dominantno odnose na metodu \u201egated\u201c SPECT perfuzione scintigrafije miokarda. Ova metoda ima izuzetno visoku osjetljivost i specifi\u010dnost u detekciji ishemijske bolesti srca, kao i u procjeni vitalnosti miokarda kod pacijenata koji su prele\u017eali akutni infarkt miokarda.<\/p>\n\n\n\n<p>Uvo\u0111enjem navedenih tehnika zna\u010dajno se unaprje\u0111uju dijagnostika i lije\u010denje kardiolo\u0161kih i kardiohirur\u0161kih pacijenata, uz realnu mogu\u0107nost smanjenja lista \u010dekanja za invazivne dijagnosti\u010dke procedure, poput koronografije. Time se pacijentima omogu\u0107ava pravovremena, sigurnija i manje invazivna dijagnostika, \u0161to direktno uti\u010de na kvalitet lije\u010denja i ishode bolesti.<\/p>\n\n\n\n<figure class=\"wp-block-image\"><img decoding=\"async\" src=\"https:\/\/www.kccg.me\/wp-content\/uploads\/2026\/01\/Sa-sastanka-U-KCCG-1024x683.jpg\" alt=\"\" title=\"\"><figcaption class=\"wp-element-caption\">Sa sastanka u KCCG<\/figcaption><\/figure>\n\n\n\n<figure class=\"wp-block-image\"><img decoding=\"async\" src=\"https:\/\/www.kccg.me\/wp-content\/uploads\/2026\/01\/Dr-Aleksandar-Radovic-direktor-KCCG-dr-Vojislav-Simun-ministar-zdravlja-i-mr-Aleksandar-Bogavac-direktor-Montefarma-1024x683.jpg\" alt=\"\" title=\"\"><figcaption class=\"wp-element-caption\">Dr Aleksandar Radovi\u0107, direktor KCCG, dr Vojislav \u0160imun, ministar zdravlja i mr Aleksandar Bogavac, direktor Montefarma<\/figcaption><\/figure>\n\n\n\n<figure class=\"wp-block-image\"><img decoding=\"async\" src=\"https:\/\/www.kccg.me\/wp-content\/uploads\/2026\/01\/Mitropolit-crnogorsko-primorski-Joanikije-u-posjeti-KCCG-1024x683.jpg\" alt=\"\" title=\"\"><figcaption class=\"wp-element-caption\">Mitropolit crnogorsko-primorski <strong>Joanikije <\/strong>u posjeti KCCG<\/figcaption><\/figure>\n\n\n\n<p>Posebno se isti\u010de da \u0107e se ove metode po prvi put sprovoditi u Crnoj Gori od osnivanja Centra za nuklearnu medicinu 2006. godine, te da one predstavljaju savremeni standard u neinvazivnoj dijagnostici odre\u0111enih kardiolo\u0161kih oboljenja u razvijenim zdravstvenim sistemima.<\/p>\n\n\n\n<p>Donacijom je obezbije\u0111ena nabavka vezanog ergometrijskog sistema sa ra\u010dunarom, softverom, \u0161tampa\u010dem i kolicima za ergometriju, ergo-bicikla sa opcijom neinvazivnog mjerenja krvnog pritiska, automatskog AED defibrilatora sa govornim instrukcijama i isporukom \u0161oka putem samoljepljivih elektroda, kao i mobilnog paravana za za\u0161titu od jonizuju\u0107eg zra\u010denja.<\/p>\n\n\n\n<p>Ukupna vrijednost donacije iznosi 20.000 eura.<\/p>\n\n\n\n<p>Ministar zdravlja, dr Vojislav \u0160imun, izrazio je iskrenu zahvalnost Mitropoliji crnogorsko-primorskoj na jo\u0161 jednoj vrijednoj donaciji Klini\u010dkom centru Crne Gore, koja predstavlja zna\u010dajan doprinos unaprje\u0111enju zdravstvene za\u0161tite kardiolo\u0161kih pacijenata i brizi o zdravlju gra\u0111ana Crne Gore.<\/p>\n\n\n\n<p>\u201eOva donacija ima poseban zna\u010daj za oblast kardiologije, jer omogu\u0107ava uvo\u0111enje novih dijagnosti\u010dkih mogu\u0107nosti koje doprinose ranijem otkrivanju bolesti, preciznijem planiranju terapije i boljim ishodima lije\u010denja, uz istovremeno ja\u010danje stru\u010dnih kapaciteta i referentnosti Centra za nuklearnu medicinu\u201c, rekao je ministar.<\/p>\n\n\n\n<p>Sve\u010danom sastanku su, pored ministra \u0160imuna, prisustvovali i Njegovo visokopreosve\u0161tenstvo mitropolit crnogorsko-primorski gospodin Joanikije i direktor Klini\u010dkog centra Crne Gore, dr Aleksandar Radovi\u0107 sa saradnicima i direktor ZUA Montefarm dr Aleksandar Bogavac.&nbsp;<\/p>\n\n\n\n<p>Njegovo visokopreosve\u0161tenstvo Mitropolit crnogorsko-primorski, gospodin Joanikije, istakao je da je dugogodi\u0161nji obi\u010daj Mitropolije crnogorsko-primorske da, u skladu sa mogu\u0107nostima, svake godine donira va\u017ean medicinski aparat, koji \u0107e unaprijediti lije\u010denje pacijenata i doprinijeti ja\u010danju zdravstvenog sistema Crne Gore.<\/p>\n\n\n\n<p>Iskazao je ovom prilikom interesovanje za uspostavljanje prostorija u kojima se pacijentima mo\u017ee pru\u017eati odgovaraju\u0107a duhovna podr\u0161ka.<\/p>\n\n\n\n<figure class=\"wp-block-image\"><img decoding=\"async\" src=\"https:\/\/www.kccg.me\/wp-content\/uploads\/2026\/01\/Dr-Aleksandar-Radovic-direktor-KCCG-1024x683.jpg\" alt=\"\" title=\"\"><figcaption class=\"wp-element-caption\">Dr <strong>Aleksandar Radovi\u0107<\/strong>, direktor KCCG<\/figcaption><\/figure>\n\n\n\n<p>Direktor KCCG,&nbsp;<strong>dr mr sc. Aleksandar Radovi\u0107,<\/strong>&nbsp;kazao je da je humani \u010din MPC, najbolji na\u010din da zapo\u010dnemo godinu.<\/p>\n\n\n\n<p>\u201cZahvaljujemo se Mitropoliji crnogorsko-primorskoj, na ovako vrijednoj donaciji, koja \u0107e unaprijediti dijagnostiku u oblasti kardiolo\u0161kih oboljenja i pobolj\u0161ati uslugu koju pru\u017eamo na\u0161im pacijentima. Tako\u0111e smo zahvalni \u0161to je Mitropolija crnogorsko-primorska prepoznala na\u0161 rad i Centru za nuklearnu medicinu donirala pomenutu opremu\u201d, kazao je dr Radovi\u0107.<\/p>\n\n\n\n<figure class=\"wp-block-image\"><img decoding=\"async\" src=\"https:\/\/www.kccg.me\/wp-content\/uploads\/2026\/01\/Dr-sc.-med.-Ljiljana-Bojic-Institut-za-onkologiju-KCCG-1024x683.jpg\" alt=\"\" title=\"\"><figcaption class=\"wp-element-caption\">Dr sc. med. <strong>Ljiljana Boji\u0107<\/strong>, Institut za onkologiju KCCG<\/figcaption><\/figure>\n\n\n\n<p>Dr Ljiljana Boji\u0107, na\u010delnica Centra za nuklearnu medicinsku dijagnostiku KCCG, istakla je da se nabavkom ove opreme omogu\u0107ava izvo\u0111enje testova fizi\u010dkog i\/ili farmakolo\u0161kog optere\u0107enja, \u010dime se dodatno unaprje\u0111uje savremenost pristupa u dijagnostici kardiovaskularnih bolesti i podi\u017ee referentni nivo Centra za nuklearnu medicinu Klini\u010dkog centra Crne Gore.<\/p>\n\n\n\n<figure class=\"wp-block-image\"><img decoding=\"async\" src=\"https:\/\/www.kccg.me\/wp-content\/uploads\/2026\/01\/Mitropolit-crnogorsko-primorski-Joanikije-1024x683.jpg\" alt=\"\" title=\"\"><figcaption class=\"wp-element-caption\">Mitropolit crnogorsko-primorski <strong>Joanikije<\/strong><\/figcaption><\/figure>\n\n\n\n<p>Na kraju, ministar zdravlja Vojislav \u0160imun, uputio je \u010destitke povodom predstoje\u0107ih bo\u017ei\u0107nih praznika svim gra\u0111anima Crne Gore koji ih obilje\u017eavaju, sa \u017eeljom da ih provedu u miru, zdravlju i porodi\u010dnoj toplini, uz poruku da solidarnost, briga o bli\u017enjima i zajedni\u0161tvo predstavljaju vrijednosti koje su temelj i zdravog dru\u0161tva.<\/p>\n\n\n\n<figure class=\"wp-block-image\"><img decoding=\"async\" src=\"https:\/\/www.kccg.me\/wp-content\/uploads\/2026\/01\/Dr-Aleksandar-Radovic-direktor-KCCG-i-Mitropolit-crnogorsko-primorski-Joanikije-1024x683.jpg\" alt=\"\" title=\"\"><figcaption class=\"wp-element-caption\">Dr A<strong>leksandar Radovi\u0107<\/strong>, direktor KCCG i Mitropolit crnogorsko-primorski <strong>Joanikije<\/strong><\/figcaption><\/figure>","protected":false},"excerpt":{"rendered":"<p>Danas je u Klini\u010dkom centru Crne Gore uprili\u010den sve\u010dani sastanak povodom najavljene vrijedne donacije Mitropolije crnogorsko-primorske Klini\u010dkom centru Crne Gore. Ovom donacijom Mitropolija crnogorsko-primorska nastavlja svoju vi\u0161egodi\u0161nju tradiciju solidarnosti i dru\u0161tvene odgovornosti, u okviru koje svake godine obezbje\u0111uje va\u017enu medicinsku opremu namijenjenu unaprje\u0111enju lije\u010denja pacijenata u Klini\u010dkom centru Crne Gore ili drugim zdravstvenim ustanovama \u0161irom Crne Gore, saop\u0161teno je iz KCCG.<\/p>","protected":false},"author":4,"featured_media":897328,"comment_status":"open","ping_status":"open","sticky":false,"template":"","format":"standard","meta":{"_acf_changed":false,"footnotes":"","jetpack_publicize_message":"","jetpack_publicize_feature_enabled":true,"jetpack_social_post_already_shared":false,"jetpack_social_options":{"image_generator_settings":{"template":"highway","default_image_id":0,"font":"","enabled":false},"version":2}},"categories":[9],"tags":[2399,9442,16096],"naslovna":[],"class_list":["post-897327","post","type-post","status-publish","format-standard","has-post-thumbnail","hentry","category-drustvo","tag-donacija","tag-klinicki-centar-crne-gore","tag-mitropolija-crnogorsko-primorska"],"acf":[],"jetpack_publicize_connections":[],"_links":{"self":[{"href":"https:\/\/gradski.me\/en\/wp-json\/wp\/v2\/posts\/897327","targetHints":{"allow":["GET"]}}],"collection":[{"href":"https:\/\/gradski.me\/en\/wp-json\/wp\/v2\/posts"}],"about":[{"href":"https:\/\/gradski.me\/en\/wp-json\/wp\/v2\/types\/post"}],"author":[{"embeddable":true,"href":"https:\/\/gradski.me\/en\/wp-json\/wp\/v2\/users\/4"}],"replies":[{"embeddable":true,"href":"https:\/\/gradski.me\/en\/wp-json\/wp\/v2\/comments?post=897327"}],"version-history":[{"count":0,"href":"https:\/\/gradski.me\/en\/wp-json\/wp\/v2\/posts\/897327\/revisions"}],"wp:featuredmedia":[{"embeddable":true,"href":"https:\/\/gradski.me\/en\/wp-json\/wp\/v2\/media\/897328"}],"wp:attachment":[{"href":"https:\/\/gradski.me\/en\/wp-json\/wp\/v2\/media?parent=897327"}],"wp:term":[{"taxonomy":"category","embeddable":true,"href":"https:\/\/gradski.me\/en\/wp-json\/wp\/v2\/categories?post=897327"},{"taxonomy":"post_tag","embeddable":true,"href":"https:\/\/gradski.me\/en\/wp-json\/wp\/v2\/tags?post=897327"},{"taxonomy":"naslovna","embeddable":true,"href":"https:\/\/gradski.me\/en\/wp-json\/wp\/v2\/naslovna?post=897327"}],"curies":[{"name":"wp","href":"https:\/\/api.w.org\/{rel}","templated":true}]}}