{"id":897177,"date":"2026-01-04T13:36:00","date_gmt":"2026-01-04T12:36:00","guid":{"rendered":"https:\/\/new.gradski.me\/uncategorized\/na-gp-metaljka-oduzeto-vozilo-broj-sasije-sporan\/"},"modified":"2026-01-04T13:36:00","modified_gmt":"2026-01-04T12:36:00","slug":"na-gp-metaljka-oduzeto-vozilo-broj-sasije-sporan","status":"publish","type":"post","link":"https:\/\/gradski.me\/en\/hronika\/na-gp-metaljka-oduzeto-vozilo-broj-sasije-sporan\/","title":{"rendered":"Na GP Metaljka oduzeto vozilo, broj \u0161asije sporan"},"content":{"rendered":"<p><\/p>\n\n\n\n<p><\/p>\n\n\n\n<p>Sa ovim doga\u0111ajem upoznat je tu\u017eilac u Osnovnom dr\u017eavnom tu\u017eila\u0161tvu u Pljevljima koji je nalo\u017eio da se izvr\u0161e dodatne provjere vozila, nakon \u010dega \u0107e izvr\u0161iti pravnu kvalifikaciju djela.<\/p>\n\n\n\n<p>&#8222;Vozilo je privremeno oduzeto i predato policijskim slu\u017ebenicima Odjeljenja bezbjednosti Pljevlja na dalje postupanje&#8220;, navode u policiji.<\/p>","protected":false},"excerpt":{"rendered":"<p>Na grani\u010dnom prelazu Metaljka, policijski slu\u017ebenici Stanice grani\u010dne policije i Pljevlja, izvr\u0161ili su sino\u0107 detaljnu kontrolu putni\u010dkog motornog vozila srbijanskih registarskih oznaka kojim je upravljao M.M. (41), dr\u017eavljanin Republike Srbije i tom prilikom utvrdili su da se broj \u0161asije upisan u saobra\u0107ajnoj dozvoli ne poklapa sa brojem \u0161asije na vozilu.<\/p>","protected":false},"author":5,"featured_media":897178,"comment_status":"open","ping_status":"open","sticky":false,"template":"","format":"standard","meta":{"_acf_changed":false,"footnotes":"","jetpack_publicize_message":"","jetpack_publicize_feature_enabled":true,"jetpack_social_post_already_shared":false,"jetpack_social_options":{"image_generator_settings":{"template":"highway","default_image_id":0,"font":"","enabled":false},"version":2}},"categories":[10],"tags":[16027,4122,16028],"naslovna":[],"class_list":["post-897177","post","type-post","status-publish","format-standard","has-post-thumbnail","hentry","category-hronika","tag-broj","tag-oduzeto-vozilo","tag-sasija"],"acf":[],"jetpack_publicize_connections":[],"_links":{"self":[{"href":"https:\/\/gradski.me\/en\/wp-json\/wp\/v2\/posts\/897177","targetHints":{"allow":["GET"]}}],"collection":[{"href":"https:\/\/gradski.me\/en\/wp-json\/wp\/v2\/posts"}],"about":[{"href":"https:\/\/gradski.me\/en\/wp-json\/wp\/v2\/types\/post"}],"author":[{"embeddable":true,"href":"https:\/\/gradski.me\/en\/wp-json\/wp\/v2\/users\/5"}],"replies":[{"embeddable":true,"href":"https:\/\/gradski.me\/en\/wp-json\/wp\/v2\/comments?post=897177"}],"version-history":[{"count":0,"href":"https:\/\/gradski.me\/en\/wp-json\/wp\/v2\/posts\/897177\/revisions"}],"wp:featuredmedia":[{"embeddable":true,"href":"https:\/\/gradski.me\/en\/wp-json\/wp\/v2\/media\/897178"}],"wp:attachment":[{"href":"https:\/\/gradski.me\/en\/wp-json\/wp\/v2\/media?parent=897177"}],"wp:term":[{"taxonomy":"category","embeddable":true,"href":"https:\/\/gradski.me\/en\/wp-json\/wp\/v2\/categories?post=897177"},{"taxonomy":"post_tag","embeddable":true,"href":"https:\/\/gradski.me\/en\/wp-json\/wp\/v2\/tags?post=897177"},{"taxonomy":"naslovna","embeddable":true,"href":"https:\/\/gradski.me\/en\/wp-json\/wp\/v2\/naslovna?post=897177"}],"curies":[{"name":"wp","href":"https:\/\/api.w.org\/{rel}","templated":true}]}}